{"id":9658,"date":"2017-08-14T19:20:00","date_gmt":"2017-08-14T19:20:00","guid":{"rendered":"http:\/\/www.demona.de\/blog\/?p=9658"},"modified":"2017-09-19T19:31:31","modified_gmt":"2017-09-19T19:31:31","slug":"hoffentlich-nur-ein-beleidigter-magen","status":"publish","type":"post","link":"http:\/\/www.demona.de\/blog\/?p=9658","title":{"rendered":"Hoffentlich nur ein beleidigter Magen!"},"content":{"rendered":"<p>Da Simba seit ein paar Tagen nur noch z\u00f6gerlich &#8211; wenn \u00fcberhaupt &#8211; frisst, er sich aber nicht den Magen verdorben hat, \u00a0machen wir uns langsam Sorgen.\u00a0Schreitet der Krebs nun doch in gr\u00f6\u00dferen Schritten voran? Der Bub ist in den letzten Monaten doch erheblich ruhiger geworden, ist schneller ersch\u00f6pft, spielt drau\u00dfen kaum noch mit den M\u00e4dels. *seufz*<\/p>\n<p>Trotz des leicht tonnenf\u00f6rmigen Bauchs (durch das Cortison) hat das Simbelchen wieder abgenommen und ist runter auf 34,6 kg. \u00a0Ansonsten machte er auf die TA aber einen erstaunlich guten Eindruck und selbst bei genauestem Antasten konnte sie nichts f\u00fchlen, was da nicht hingeh\u00f6rt.\u00a0<img loading=\"lazy\" decoding=\"async\" class=\"alignnone size-full wp-image-759\" src=\"http:\/\/www.demona.de\/blog\/wp-content\/uploads\/2011\/01\/80.gif\" alt=\"\" width=\"15\" height=\"15\" \/><\/p>\n<p>Da mein Babymann ja doch einen ordentlichen Medikamentencocktail bekommt, was den Magen auf Dauer durchaus beleidigen kann, setzen wir nun alles, was nicht unbedingt notwendig ist, ab: er bekommt also nur noch seine Herzmedis und das Cortison!<\/p>\n<p>F\u00fcr ein paar Tage gibt es dazu aber etwas gegen \u00dcbelkeit und Magengeschw\u00fcre sowie eine Weile einen Magenschutz. Sollte Simba danach immer noch nicht fressen wollen, wird weiterf\u00fchrende Diagnostik gemacht (R\u00f6ntgen und Ultraschall).<\/p>\n","protected":false},"excerpt":{"rendered":"<p>Da Simba seit ein paar Tagen nur noch z\u00f6gerlich &#8211; wenn \u00fcberhaupt &#8211; frisst, er sich aber nicht den Magen verdorben hat, \u00a0machen wir uns langsam Sorgen.\u00a0Schreitet der Krebs nun doch in gr\u00f6\u00dferen Schritten voran? Der Bub ist in den letzten Monaten doch erheblich ruhiger geworden, ist schneller ersch\u00f6pft, spielt drau\u00dfen kaum noch mit den [&hellip;]<\/p>\n","protected":false},"author":2,"featured_media":0,"comment_status":"open","ping_status":"closed","sticky":false,"template":"","format":"standard","meta":{"ngg_post_thumbnail":0,"footnotes":""},"categories":[5],"tags":[],"class_list":["post-9658","post","type-post","status-publish","format-standard","hentry","category-wauzis"],"_links":{"self":[{"href":"http:\/\/www.demona.de\/blog\/index.php?rest_route=\/wp\/v2\/posts\/9658","targetHints":{"allow":["GET"]}}],"collection":[{"href":"http:\/\/www.demona.de\/blog\/index.php?rest_route=\/wp\/v2\/posts"}],"about":[{"href":"http:\/\/www.demona.de\/blog\/index.php?rest_route=\/wp\/v2\/types\/post"}],"author":[{"embeddable":true,"href":"http:\/\/www.demona.de\/blog\/index.php?rest_route=\/wp\/v2\/users\/2"}],"replies":[{"embeddable":true,"href":"http:\/\/www.demona.de\/blog\/index.php?rest_route=%2Fwp%2Fv2%2Fcomments&post=9658"}],"version-history":[{"count":4,"href":"http:\/\/www.demona.de\/blog\/index.php?rest_route=\/wp\/v2\/posts\/9658\/revisions"}],"predecessor-version":[{"id":9662,"href":"http:\/\/www.demona.de\/blog\/index.php?rest_route=\/wp\/v2\/posts\/9658\/revisions\/9662"}],"wp:attachment":[{"href":"http:\/\/www.demona.de\/blog\/index.php?rest_route=%2Fwp%2Fv2%2Fmedia&parent=9658"}],"wp:term":[{"taxonomy":"category","embeddable":true,"href":"http:\/\/www.demona.de\/blog\/index.php?rest_route=%2Fwp%2Fv2%2Fcategories&post=9658"},{"taxonomy":"post_tag","embeddable":true,"href":"http:\/\/www.demona.de\/blog\/index.php?rest_route=%2Fwp%2Fv2%2Ftags&post=9658"}],"curies":[{"name":"wp","href":"https:\/\/api.w.org\/{rel}","templated":true}]}}