{"id":9641,"date":"2017-07-25T12:26:09","date_gmt":"2017-07-25T12:26:09","guid":{"rendered":"http:\/\/www.demona.de\/blog\/?p=9641"},"modified":"2017-09-18T12:28:25","modified_gmt":"2017-09-18T12:28:25","slug":"happy-birthday-mortisha-8","status":"publish","type":"post","link":"http:\/\/www.demona.de\/blog\/?p=9641","title":{"rendered":"Happy Birthday, Mortisha!"},"content":{"rendered":"<p>Nie h\u00e4tten wir gedacht, dass unser kleines Montagsmodell ein solch stolzes Alter erreichen w\u00fcrde, aber sie hat es<br \/>\n&#8211; allen gesundheitlichen Problemen zum Trotz &#8211; geschafft und feiert heute ihren 12. Geburtstag!<\/p>\n<p><img loading=\"lazy\" decoding=\"async\" class=\"alignnone size-full wp-image-9642\" src=\"http:\/\/www.demona.de\/blog\/wp-content\/uploads\/2017\/09\/birthday_morty_2017-1.jpg\" alt=\"\" width=\"600\" height=\"338\" srcset=\"http:\/\/www.demona.de\/blog\/wp-content\/uploads\/2017\/09\/birthday_morty_2017-1.jpg 600w, http:\/\/www.demona.de\/blog\/wp-content\/uploads\/2017\/09\/birthday_morty_2017-1-300x169.jpg 300w, http:\/\/www.demona.de\/blog\/wp-content\/uploads\/2017\/09\/birthday_morty_2017-1-266x150.jpg 266w\" sizes=\"auto, (max-width: 600px) 100vw, 600px\" \/><\/p>\n<p>Eigentlich wollte ich heute ein ganz aktuelles Foto vom Morgenspaziergang einstellen, aber da es hier seit Stunden<br \/>\nwie aus Eimern sch\u00fcttet und wir darauf warten, dass der Regen wenigstens ein bisschen nachl\u00e4sst, lassen wir das.<br \/>\nIm Augenblick ist uns allen eher danach, uns wieder unter die Decken zu verziehen und zu kuscheln.<\/p>\n<p>Und gekuschelt wird hier nie zu knapp!<\/p>\n<p>Das kleine \u00d6mchen genie\u00dft die ruhigen Momente immer mehr und es freut uns total, dass sie auf ihre alten Tage<br \/>\nnicht nur eine weitere H\u00fcndin im &#8222;Rudel&#8220; akzeptiert hat, sondern ihre Gesellschaft regelrecht genie\u00dft&#8230; vor allem wenn<br \/>\nihr Sofia die Ohren und Augen abschlabbert.<\/p>\n<p>Sie genie\u00dft es aber auch, mit den anderen zu spielen, insbesondere mit dem kleinen Gremlin geht es hier wirklich<br \/>\nnoch jeden Tag rund! Morty findet es aber auch ultrawitzig, sich auf die Gro\u00dfen zu st\u00fcrzen, wenn die irgendwo liegen,<br \/>\nund ihnen gutgelaunt in die Lefzen oder die Wamme zu beissen.<\/p>\n<p>Der kleine Satansbraten ist wirklich ein Ph\u00e4nomen: die Hinterl\u00e4ufe werden immer schmaler, sie wird immer wackeliger<br \/>\nund langsamer&#8230;. aber das k\u00fcmmert sie herzlich wenig! Sie glaubt immer noch, B\u00e4ume ausreissen und \u00fcberall (nicht<br \/>\nnur bei uns zuhause) den Ton angeben zu k\u00f6nnen. Ob nun aufdringliche Hunde oder gruselige Fahrr\u00e4der und Menschen.<br \/>\nMit ihr sollte sich niemand anlegen!\u00a0<img loading=\"lazy\" decoding=\"async\" class=\"alignnone size-full wp-image-1114\" src=\"http:\/\/www.demona.de\/blog\/wp-content\/uploads\/2011\/05\/kicher.gif\" alt=\"\" width=\"15\" height=\"15\" \/><\/p>\n<p><img loading=\"lazy\" decoding=\"async\" class=\"alignnone size-full wp-image-9643\" src=\"http:\/\/www.demona.de\/blog\/wp-content\/uploads\/2017\/09\/DSC0197.jpg\" alt=\"\" width=\"600\" height=\"400\" srcset=\"http:\/\/www.demona.de\/blog\/wp-content\/uploads\/2017\/09\/DSC0197.jpg 600w, http:\/\/www.demona.de\/blog\/wp-content\/uploads\/2017\/09\/DSC0197-300x200.jpg 300w, http:\/\/www.demona.de\/blog\/wp-content\/uploads\/2017\/09\/DSC0197-225x150.jpg 225w\" sizes=\"auto, (max-width: 600px) 100vw, 600px\" \/><\/p>\n<p>Kleine Mortadella&#8230; mach&#8216; bitte noch gaaaaanz lange so weiter!<br \/>\nWir lieben und wir brauchen dich.\u00a0<img loading=\"lazy\" decoding=\"async\" class=\"alignnone size-full wp-image-716\" src=\"http:\/\/www.demona.de\/blog\/wp-content\/uploads\/2011\/01\/fa6f4fc0dac72965263ae8d8f88127b3.png\" alt=\"\" width=\"16\" height=\"16\" \/><\/p>\n<p>Deine Hundemama und dein Hundepapa<br \/>\nund der Rest der Bande<\/p>\n","protected":false},"excerpt":{"rendered":"<p>Nie h\u00e4tten wir gedacht, dass unser kleines Montagsmodell ein solch stolzes Alter erreichen w\u00fcrde, aber sie hat es &#8211; allen gesundheitlichen Problemen zum Trotz &#8211; geschafft und feiert heute ihren 12. Geburtstag! Eigentlich wollte ich heute ein ganz aktuelles Foto vom Morgenspaziergang einstellen, aber da es hier seit Stunden wie aus Eimern sch\u00fcttet und wir [&hellip;]<\/p>\n","protected":false},"author":2,"featured_media":0,"comment_status":"open","ping_status":"closed","sticky":false,"template":"","format":"standard","meta":{"ngg_post_thumbnail":0,"footnotes":""},"categories":[5],"tags":[],"class_list":["post-9641","post","type-post","status-publish","format-standard","hentry","category-wauzis"],"_links":{"self":[{"href":"http:\/\/www.demona.de\/blog\/index.php?rest_route=\/wp\/v2\/posts\/9641","targetHints":{"allow":["GET"]}}],"collection":[{"href":"http:\/\/www.demona.de\/blog\/index.php?rest_route=\/wp\/v2\/posts"}],"about":[{"href":"http:\/\/www.demona.de\/blog\/index.php?rest_route=\/wp\/v2\/types\/post"}],"author":[{"embeddable":true,"href":"http:\/\/www.demona.de\/blog\/index.php?rest_route=\/wp\/v2\/users\/2"}],"replies":[{"embeddable":true,"href":"http:\/\/www.demona.de\/blog\/index.php?rest_route=%2Fwp%2Fv2%2Fcomments&post=9641"}],"version-history":[{"count":1,"href":"http:\/\/www.demona.de\/blog\/index.php?rest_route=\/wp\/v2\/posts\/9641\/revisions"}],"predecessor-version":[{"id":9644,"href":"http:\/\/www.demona.de\/blog\/index.php?rest_route=\/wp\/v2\/posts\/9641\/revisions\/9644"}],"wp:attachment":[{"href":"http:\/\/www.demona.de\/blog\/index.php?rest_route=%2Fwp%2Fv2%2Fmedia&parent=9641"}],"wp:term":[{"taxonomy":"category","embeddable":true,"href":"http:\/\/www.demona.de\/blog\/index.php?rest_route=%2Fwp%2Fv2%2Fcategories&post=9641"},{"taxonomy":"post_tag","embeddable":true,"href":"http:\/\/www.demona.de\/blog\/index.php?rest_route=%2Fwp%2Fv2%2Ftags&post=9641"}],"curies":[{"name":"wp","href":"https:\/\/api.w.org\/{rel}","templated":true}]}}