{"id":8745,"date":"2017-01-26T21:23:57","date_gmt":"2017-01-26T21:23:57","guid":{"rendered":"http:\/\/www.demona.de\/blog\/?p=8745"},"modified":"2017-02-11T21:34:05","modified_gmt":"2017-02-11T21:34:05","slug":"zuhause-fuehlt-sie-sich-wohl","status":"publish","type":"post","link":"http:\/\/www.demona.de\/blog\/?p=8745","title":{"rendered":"Zuhause f\u00fchlt sie sich wohl&#8230;."},"content":{"rendered":"<p>So gestresst das Sofichen drau\u00dfen auf Umweltreize reagiert, so entspannt ist sie bei uns zuhause. Das neue Quartett geht v\u00f6llig selbstverst\u00e4ndlich miteinander um und wir machen uns \u00fcberhaupt keine Sorgen, sie alleine zu lassen&#8230;<\/p>\n<p>Je nachdem wie eine Vergesellschaftung hier l\u00e4uft, separiere ich die Hunde bei Abwesenheit und lasse den Neuen mit dem Hund zusammen, mit dem er sich am besten versteht. Diese Vorsichtsma\u00dfnahme war aber hier von Anfang an nicht notwendig, auch wenn wir nat\u00fcrlich ganz &#8222;klein&#8220; angefangen haben wie bei einem Welpen: mal den M\u00fcll rausbringen, mal in den Keller gehen, dann auf ein kurzes Schw\u00e4tzchen zur Nachbarin r\u00fcber.<\/p>\n<p>Da wir heute G\u00f6rks Motorrad aus der Werkstatt abholen durften, nutzten wir auch dies zu Trainingszwecken und fuhren gemeinsam f\u00fcr ein halbes St\u00fcndchen weg. Niemand wurde aufgefressen\u00a0<img loading=\"lazy\" decoding=\"async\" class=\"alignnone size-full wp-image-759\" src=\"http:\/\/www.demona.de\/blog\/wp-content\/uploads\/2011\/01\/80.gif\" alt=\"\" width=\"15\" height=\"15\" \/>\u00a0, kaputt gemacht hat Sofia aber auch nichts und alles blieb sch\u00f6n still.<\/p>\n<p>Aber h\u00e4tte jemand bei DIESEM Anblick, der mittlerweile schon normal ist, was anderes erwartet?<\/p>\n<p><img loading=\"lazy\" decoding=\"async\" class=\"alignnone size-full wp-image-8746\" src=\"http:\/\/www.demona.de\/blog\/wp-content\/uploads\/2017\/02\/DSC_0065-1.jpg\" alt=\"\" width=\"600\" height=\"356\" srcset=\"http:\/\/www.demona.de\/blog\/wp-content\/uploads\/2017\/02\/DSC_0065-1.jpg 600w, http:\/\/www.demona.de\/blog\/wp-content\/uploads\/2017\/02\/DSC_0065-1-300x178.jpg 300w, http:\/\/www.demona.de\/blog\/wp-content\/uploads\/2017\/02\/DSC_0065-1-253x150.jpg 253w\" sizes=\"auto, (max-width: 600px) 100vw, 600px\" \/><\/p>\n","protected":false},"excerpt":{"rendered":"<p>So gestresst das Sofichen drau\u00dfen auf Umweltreize reagiert, so entspannt ist sie bei uns zuhause. Das neue Quartett geht v\u00f6llig selbstverst\u00e4ndlich miteinander um und wir machen uns \u00fcberhaupt keine Sorgen, sie alleine zu lassen&#8230; Je nachdem wie eine Vergesellschaftung hier l\u00e4uft, separiere ich die Hunde bei Abwesenheit und lasse den Neuen mit dem Hund zusammen, [&hellip;]<\/p>\n","protected":false},"author":2,"featured_media":0,"comment_status":"open","ping_status":"closed","sticky":false,"template":"","format":"standard","meta":{"ngg_post_thumbnail":0,"footnotes":""},"categories":[5],"tags":[],"class_list":["post-8745","post","type-post","status-publish","format-standard","hentry","category-wauzis"],"_links":{"self":[{"href":"http:\/\/www.demona.de\/blog\/index.php?rest_route=\/wp\/v2\/posts\/8745","targetHints":{"allow":["GET"]}}],"collection":[{"href":"http:\/\/www.demona.de\/blog\/index.php?rest_route=\/wp\/v2\/posts"}],"about":[{"href":"http:\/\/www.demona.de\/blog\/index.php?rest_route=\/wp\/v2\/types\/post"}],"author":[{"embeddable":true,"href":"http:\/\/www.demona.de\/blog\/index.php?rest_route=\/wp\/v2\/users\/2"}],"replies":[{"embeddable":true,"href":"http:\/\/www.demona.de\/blog\/index.php?rest_route=%2Fwp%2Fv2%2Fcomments&post=8745"}],"version-history":[{"count":3,"href":"http:\/\/www.demona.de\/blog\/index.php?rest_route=\/wp\/v2\/posts\/8745\/revisions"}],"predecessor-version":[{"id":8749,"href":"http:\/\/www.demona.de\/blog\/index.php?rest_route=\/wp\/v2\/posts\/8745\/revisions\/8749"}],"wp:attachment":[{"href":"http:\/\/www.demona.de\/blog\/index.php?rest_route=%2Fwp%2Fv2%2Fmedia&parent=8745"}],"wp:term":[{"taxonomy":"category","embeddable":true,"href":"http:\/\/www.demona.de\/blog\/index.php?rest_route=%2Fwp%2Fv2%2Fcategories&post=8745"},{"taxonomy":"post_tag","embeddable":true,"href":"http:\/\/www.demona.de\/blog\/index.php?rest_route=%2Fwp%2Fv2%2Ftags&post=8745"}],"curies":[{"name":"wp","href":"https:\/\/api.w.org\/{rel}","templated":true}]}}