{"id":868,"date":"2011-03-04T06:54:02","date_gmt":"2011-03-04T06:54:02","guid":{"rendered":"http:\/\/www.demona.de\/blog\/?p=868"},"modified":"2011-03-07T07:00:29","modified_gmt":"2011-03-07T07:00:29","slug":"gute-reise-benson","status":"publish","type":"post","link":"http:\/\/www.demona.de\/blog\/?p=868","title":{"rendered":"Gute Reise, Benson!"},"content":{"rendered":"<p>Gestern ist nach kurzer schwerer Krankheit dieser wunderbare, 11 Jahre alte Bullmastiff f\u00fcr immer eingeschlafen&#8230;<\/p>\n<p><a href=\"http:\/\/www.demona.de\/blog\/wp-content\/uploads\/2011\/03\/bensmann.jpg\"><img loading=\"lazy\" decoding=\"async\" class=\"alignnone size-full wp-image-869\" title=\"bensmann\" src=\"http:\/\/www.demona.de\/blog\/wp-content\/uploads\/2011\/03\/bensmann.jpg\" alt=\"\" width=\"450\" height=\"306\" srcset=\"http:\/\/www.demona.de\/blog\/wp-content\/uploads\/2011\/03\/bensmann.jpg 450w, http:\/\/www.demona.de\/blog\/wp-content\/uploads\/2011\/03\/bensmann-300x204.jpg 300w\" sizes=\"auto, (max-width: 450px) 100vw, 450px\" \/><\/a><\/p>\n<p>Nie werde ich diesen lieben alten Gentleman vergessen, der doch noch so albern werden konnte&#8230;und der fast bis zum Schluss noch so sch\u00f6n fit und zufrieden war.<\/p>\n<p>Eine vermeintliche Bronchitis entpuppte sich als heimt\u00fcckischer Lungenkrebs und pl\u00f6tzlich ging es ganz schnell.<br \/>\n<a href=\"http:\/\/www.demona.de\/blog\/wp-content\/uploads\/2011\/02\/d015.gif\"><img loading=\"lazy\" decoding=\"async\" class=\"alignnone size-full wp-image-786\" title=\"traurig\" src=\"http:\/\/www.demona.de\/blog\/wp-content\/uploads\/2011\/02\/d015.gif\" alt=\"\" width=\"15\" height=\"17\" \/><br \/>\n<\/a>Wir w\u00fcnschen seinen &#8222;Eltern&#8220; ganz viel Kraft, um diese schlimme Zeit und \u00a0diesen schrecklichen Schmerz zu \u00fcberstehen.<\/p>\n","protected":false},"excerpt":{"rendered":"<p>Gestern ist nach kurzer schwerer Krankheit dieser wunderbare, 11 Jahre alte Bullmastiff f\u00fcr immer eingeschlafen&#8230; Nie werde ich diesen lieben alten Gentleman vergessen, der doch noch so albern werden konnte&#8230;und der fast bis zum Schluss noch so sch\u00f6n fit und zufrieden war. Eine vermeintliche Bronchitis entpuppte sich als heimt\u00fcckischer Lungenkrebs und pl\u00f6tzlich ging es ganz [&hellip;]<\/p>\n","protected":false},"author":2,"featured_media":0,"comment_status":"open","ping_status":"closed","sticky":false,"template":"","format":"standard","meta":{"ngg_post_thumbnail":0,"footnotes":""},"categories":[8],"tags":[],"class_list":["post-868","post","type-post","status-publish","format-standard","hentry","category-regenbogenbrucke"],"_links":{"self":[{"href":"http:\/\/www.demona.de\/blog\/index.php?rest_route=\/wp\/v2\/posts\/868","targetHints":{"allow":["GET"]}}],"collection":[{"href":"http:\/\/www.demona.de\/blog\/index.php?rest_route=\/wp\/v2\/posts"}],"about":[{"href":"http:\/\/www.demona.de\/blog\/index.php?rest_route=\/wp\/v2\/types\/post"}],"author":[{"embeddable":true,"href":"http:\/\/www.demona.de\/blog\/index.php?rest_route=\/wp\/v2\/users\/2"}],"replies":[{"embeddable":true,"href":"http:\/\/www.demona.de\/blog\/index.php?rest_route=%2Fwp%2Fv2%2Fcomments&post=868"}],"version-history":[{"count":2,"href":"http:\/\/www.demona.de\/blog\/index.php?rest_route=\/wp\/v2\/posts\/868\/revisions"}],"predecessor-version":[{"id":871,"href":"http:\/\/www.demona.de\/blog\/index.php?rest_route=\/wp\/v2\/posts\/868\/revisions\/871"}],"wp:attachment":[{"href":"http:\/\/www.demona.de\/blog\/index.php?rest_route=%2Fwp%2Fv2%2Fmedia&parent=868"}],"wp:term":[{"taxonomy":"category","embeddable":true,"href":"http:\/\/www.demona.de\/blog\/index.php?rest_route=%2Fwp%2Fv2%2Fcategories&post=868"},{"taxonomy":"post_tag","embeddable":true,"href":"http:\/\/www.demona.de\/blog\/index.php?rest_route=%2Fwp%2Fv2%2Ftags&post=868"}],"curies":[{"name":"wp","href":"https:\/\/api.w.org\/{rel}","templated":true}]}}