{"id":864,"date":"2011-03-03T05:00:54","date_gmt":"2011-03-03T05:00:54","guid":{"rendered":"http:\/\/www.demona.de\/blog\/?p=864"},"modified":"2014-11-17T19:47:35","modified_gmt":"2014-11-17T19:47:35","slug":"sichtlich-entauscht","status":"publish","type":"post","link":"http:\/\/www.demona.de\/blog\/?p=864","title":{"rendered":"Sichtlich ent\u00e4uscht"},"content":{"rendered":"<p>Heute waren wir mit der Englischen Bulldogge M\u00e4x verabredet, dem Kumpel vom Paula-Gremlin&#8230;. nur leider wusste Vega das nicht.<br \/>\n<a href=\"http:\/\/www.demona.de\/blog\/wp-content\/uploads\/2011\/01\/80.gif\"><img loading=\"lazy\" decoding=\"async\" class=\"alignnone size-full wp-image-759\" title=\"zwinker\" src=\"http:\/\/www.demona.de\/blog\/wp-content\/uploads\/2011\/01\/80.gif\" alt=\"\" width=\"15\" height=\"15\" \/><\/a><br \/>\nAls wir in Bornheim ankamen, war ihre Freude gro\u00df, ihr &#8222;zweites Kind&#8220; zu treffen. Doch als dann nur M\u00e4x auf der Stra\u00dfe stand und Paula weit und breit nicht zu sehen war, \u00a0konnte man Vega regelrecht ansehen, wie sie entt\u00e4uscht zusammensackte und &#8222;Oh, nein!&#8220; dachte.<br \/>\n<a href=\"http:\/\/www.demona.de\/blog\/wp-content\/uploads\/2011\/01\/biggrin.gif\"><img loading=\"lazy\" decoding=\"async\" class=\"alignnone size-full wp-image-705\" title=\"biggrin\" src=\"http:\/\/www.demona.de\/blog\/wp-content\/uploads\/2011\/01\/biggrin.gif\" alt=\"\" width=\"15\" height=\"15\" \/><br \/>\n<\/a>Der Spaziergang war f\u00fcr sie dann auch nicht sooooo prickelnd, weil sie dem kleinen Bollersch\u00e4del nicht \u00fcber den Weg traut und es daher vorzog, fast die ganze Zeit \u00fcber freiwillig im Fu\u00df neben mir herzulaufen&#8230; und mich als &#8222;Puffer&#8220; zwischen sich und dem Bulldog zu haben.<\/p>\n<p>Dabei hat sich M\u00e4x f\u00fcr seine Verh\u00e4ltnisse eigentlich ganz passabel benommen und nur drei &#8222;Attacken&#8220; auf Vega gestartet. Auch ist er nicht in sein gef\u00fcrchtetes Zwangsverhalten (Leinepacken und wildes Hin- und Herschleudern) gefallen, bei dem er nicht mehr ansprechbar ist und sich v\u00f6llig verausgabt.<\/p>\n<p>Falls sich jemand mal ein Bild davon machen m\u00f6chte, was dieser kleine Kerl in seinem Leben bereits durchgemacht hat und womit seine Besitzerin Nr. 8 tagt\u00e4glich zu k\u00e4mpfen hat, sollte man sich mal diesen Beitrag im Molosserforum durchlesen:\u00a0<a href=\"http:\/\/www.molosserforum.de\/allgemeines\/9616-die-ware.html\">Ware Hund<\/a><\/p>\n<p>Da sieht man mal wieder, mit welcher Leichtigkeit und Gedankenlosigkeit es Menschen schaffen, einen Hund psychisch kaputt \u00a0und damit nicht alltagstauglich zu machen.<br \/>\n<a href=\"http:\/\/www.demona.de\/blog\/wp-content\/uploads\/2011\/02\/d015.gif\"><img loading=\"lazy\" decoding=\"async\" class=\"alignnone size-full wp-image-786\" title=\"traurig\" src=\"http:\/\/www.demona.de\/blog\/wp-content\/uploads\/2011\/02\/d015.gif\" alt=\"\" width=\"15\" height=\"17\" \/><\/a><\/p>\n","protected":false},"excerpt":{"rendered":"<p>Heute waren wir mit der Englischen Bulldogge M\u00e4x verabredet, dem Kumpel vom Paula-Gremlin&#8230;. nur leider wusste Vega das nicht. Als wir in Bornheim ankamen, war ihre Freude gro\u00df, ihr &#8222;zweites Kind&#8220; zu treffen. Doch als dann nur M\u00e4x auf der Stra\u00dfe stand und Paula weit und breit nicht zu sehen war, \u00a0konnte man Vega regelrecht [&hellip;]<\/p>\n","protected":false},"author":2,"featured_media":0,"comment_status":"closed","ping_status":"closed","sticky":false,"template":"","format":"standard","meta":{"ngg_post_thumbnail":0,"footnotes":""},"categories":[5],"tags":[],"class_list":["post-864","post","type-post","status-publish","format-standard","hentry","category-wauzis"],"_links":{"self":[{"href":"http:\/\/www.demona.de\/blog\/index.php?rest_route=\/wp\/v2\/posts\/864","targetHints":{"allow":["GET"]}}],"collection":[{"href":"http:\/\/www.demona.de\/blog\/index.php?rest_route=\/wp\/v2\/posts"}],"about":[{"href":"http:\/\/www.demona.de\/blog\/index.php?rest_route=\/wp\/v2\/types\/post"}],"author":[{"embeddable":true,"href":"http:\/\/www.demona.de\/blog\/index.php?rest_route=\/wp\/v2\/users\/2"}],"replies":[{"embeddable":true,"href":"http:\/\/www.demona.de\/blog\/index.php?rest_route=%2Fwp%2Fv2%2Fcomments&post=864"}],"version-history":[{"count":4,"href":"http:\/\/www.demona.de\/blog\/index.php?rest_route=\/wp\/v2\/posts\/864\/revisions"}],"predecessor-version":[{"id":5724,"href":"http:\/\/www.demona.de\/blog\/index.php?rest_route=\/wp\/v2\/posts\/864\/revisions\/5724"}],"wp:attachment":[{"href":"http:\/\/www.demona.de\/blog\/index.php?rest_route=%2Fwp%2Fv2%2Fmedia&parent=864"}],"wp:term":[{"taxonomy":"category","embeddable":true,"href":"http:\/\/www.demona.de\/blog\/index.php?rest_route=%2Fwp%2Fv2%2Fcategories&post=864"},{"taxonomy":"post_tag","embeddable":true,"href":"http:\/\/www.demona.de\/blog\/index.php?rest_route=%2Fwp%2Fv2%2Ftags&post=864"}],"curies":[{"name":"wp","href":"https:\/\/api.w.org\/{rel}","templated":true}]}}