{"id":857,"date":"2011-03-01T14:36:39","date_gmt":"2011-03-01T14:36:39","guid":{"rendered":"http:\/\/www.demona.de\/blog\/?p=857"},"modified":"2012-10-27T03:07:36","modified_gmt":"2012-10-27T03:07:36","slug":"happy-birthday-simba","status":"publish","type":"post","link":"http:\/\/www.demona.de\/blog\/?p=857","title":{"rendered":"Happy Birthday, Simba!"},"content":{"rendered":"<p>Heute ist unser Rumpelpumpel 4 Jahre alt geworden!<\/p>\n<p><a href=\"http:\/\/www.demona.de\/blog\/wp-content\/uploads\/2011\/03\/098.jpg\"><img loading=\"lazy\" decoding=\"async\" class=\"alignnone size-full wp-image-858\" title=\"geschenke\" src=\"http:\/\/www.demona.de\/blog\/wp-content\/uploads\/2011\/03\/098.jpg\" alt=\"\" width=\"448\" height=\"297\" srcset=\"http:\/\/www.demona.de\/blog\/wp-content\/uploads\/2011\/03\/098.jpg 448w, http:\/\/www.demona.de\/blog\/wp-content\/uploads\/2011\/03\/098-300x198.jpg 300w\" sizes=\"auto, (max-width: 448px) 100vw, 448px\" \/><\/a><\/p>\n<p>Eigentlich m\u00fcssten wir jetzt einen durch und durch erwachsenen, ruhigen und souver\u00e4nen R\u00fcden haben, doch da dieser lustige kleine Kerl regelm\u00e4\u00dfig Clowns fr\u00fchst\u00fcckt, k\u00f6nnen wir uns diese Hoffnung wohl auch f\u00fcr die n\u00e4chsten Jahre ruhig abschminken.<br \/>\n<a href=\"http:\/\/www.demona.de\/blog\/wp-content\/uploads\/2011\/01\/80.gif\"><img loading=\"lazy\" decoding=\"async\" class=\"alignnone size-full wp-image-759\" title=\"zwinker\" src=\"http:\/\/www.demona.de\/blog\/wp-content\/uploads\/2011\/01\/80.gif\" alt=\"\" width=\"15\" height=\"15\" \/><\/a><br \/>\nAuch wenn ich niemals einen R\u00fcden wollte, so bin ich unendlich gl\u00fccklich und froh, ausgerechnet bei Simba zur Pflegestellenversagerin geworden zu sein! Und G\u00f6rk \u00a0ist mehr als zufrieden damit, endlich m\u00e4nnliche Unterst\u00fctzung zu haben.<\/p>\n<p>Machogehabe hin oder her (und wer kann&#8217;s ihm als Hahn im Korb ver\u00fcbeln?), dieser Quatschkopp macht einfach nur Spa\u00df!<br \/>\nWir haben dich ganz schrecklich lieb, du niedlicher Dicksch\u00e4del! <a href=\"http:\/\/www.demona.de\/blog\/wp-content\/uploads\/2011\/03\/n020.gif\"><img loading=\"lazy\" decoding=\"async\" class=\"alignnone size-full wp-image-859\" title=\"partyhut\" src=\"http:\/\/www.demona.de\/blog\/wp-content\/uploads\/2011\/03\/n020.gif\" alt=\"\" width=\"37\" height=\"33\" \/><\/a><\/p>\n<p><a href=\"http:\/\/www.demona.de\/blog\/wp-content\/uploads\/2011\/03\/simbel.jpg\"><img loading=\"lazy\" decoding=\"async\" class=\"alignnone size-full wp-image-860\" title=\"simbel\" src=\"http:\/\/www.demona.de\/blog\/wp-content\/uploads\/2011\/03\/simbel.jpg\" alt=\"\" width=\"450\" height=\"300\" srcset=\"http:\/\/www.demona.de\/blog\/wp-content\/uploads\/2011\/03\/simbel.jpg 450w, http:\/\/www.demona.de\/blog\/wp-content\/uploads\/2011\/03\/simbel-300x200.jpg 300w\" sizes=\"auto, (max-width: 450px) 100vw, 450px\" \/><\/a><\/p>\n","protected":false},"excerpt":{"rendered":"<p>Heute ist unser Rumpelpumpel 4 Jahre alt geworden! Eigentlich m\u00fcssten wir jetzt einen durch und durch erwachsenen, ruhigen und souver\u00e4nen R\u00fcden haben, doch da dieser lustige kleine Kerl regelm\u00e4\u00dfig Clowns fr\u00fchst\u00fcckt, k\u00f6nnen wir uns diese Hoffnung wohl auch f\u00fcr die n\u00e4chsten Jahre ruhig abschminken. Auch wenn ich niemals einen R\u00fcden wollte, so bin ich unendlich [&hellip;]<\/p>\n","protected":false},"author":2,"featured_media":0,"comment_status":"closed","ping_status":"closed","sticky":false,"template":"","format":"standard","meta":{"ngg_post_thumbnail":0,"footnotes":""},"categories":[5],"tags":[],"class_list":["post-857","post","type-post","status-publish","format-standard","hentry","category-wauzis"],"_links":{"self":[{"href":"http:\/\/www.demona.de\/blog\/index.php?rest_route=\/wp\/v2\/posts\/857","targetHints":{"allow":["GET"]}}],"collection":[{"href":"http:\/\/www.demona.de\/blog\/index.php?rest_route=\/wp\/v2\/posts"}],"about":[{"href":"http:\/\/www.demona.de\/blog\/index.php?rest_route=\/wp\/v2\/types\/post"}],"author":[{"embeddable":true,"href":"http:\/\/www.demona.de\/blog\/index.php?rest_route=\/wp\/v2\/users\/2"}],"replies":[{"embeddable":true,"href":"http:\/\/www.demona.de\/blog\/index.php?rest_route=%2Fwp%2Fv2%2Fcomments&post=857"}],"version-history":[{"count":4,"href":"http:\/\/www.demona.de\/blog\/index.php?rest_route=\/wp\/v2\/posts\/857\/revisions"}],"predecessor-version":[{"id":863,"href":"http:\/\/www.demona.de\/blog\/index.php?rest_route=\/wp\/v2\/posts\/857\/revisions\/863"}],"wp:attachment":[{"href":"http:\/\/www.demona.de\/blog\/index.php?rest_route=%2Fwp%2Fv2%2Fmedia&parent=857"}],"wp:term":[{"taxonomy":"category","embeddable":true,"href":"http:\/\/www.demona.de\/blog\/index.php?rest_route=%2Fwp%2Fv2%2Fcategories&post=857"},{"taxonomy":"post_tag","embeddable":true,"href":"http:\/\/www.demona.de\/blog\/index.php?rest_route=%2Fwp%2Fv2%2Ftags&post=857"}],"curies":[{"name":"wp","href":"https:\/\/api.w.org\/{rel}","templated":true}]}}