{"id":8232,"date":"2016-07-25T22:32:17","date_gmt":"2016-07-25T22:32:17","guid":{"rendered":"http:\/\/www.demona.de\/blog\/?p=8232"},"modified":"2017-02-24T05:34:35","modified_gmt":"2017-02-24T05:34:35","slug":"ruhe-sanft-dania","status":"publish","type":"post","link":"http:\/\/www.demona.de\/blog\/?p=8232","title":{"rendered":"Ruhe sanft, Dania!"},"content":{"rendered":"<p>Dania<br \/>\n14.05.2007 &#8211; 25.07.2016<\/p>\n<p><img loading=\"lazy\" decoding=\"async\" class=\"alignnone size-full wp-image-8233\" src=\"http:\/\/www.demona.de\/blog\/wp-content\/uploads\/2016\/10\/rip_dania.png\" alt=\"rip_dania\" width=\"450\" height=\"300\" srcset=\"http:\/\/www.demona.de\/blog\/wp-content\/uploads\/2016\/10\/rip_dania.png 450w, http:\/\/www.demona.de\/blog\/wp-content\/uploads\/2016\/10\/rip_dania-300x200.png 300w\" sizes=\"auto, (max-width: 450px) 100vw, 450px\" \/><\/p>\n<p>Diese wunderbare H\u00fcndin landete 2010 in einer T\u00f6tung auf Lanzarote, wo sie gl\u00fccklicherweise einer TS-Kollegin von der &#8222;Initiative f\u00fcr die gequ\u00e4lten Hunde von Lanzarote&#8220;\u00a0auffiel, die daraufhin alle Hebel in Bewegung setzte, um sie dort rauszuholen. Unter anderem bat sie uns, Dania bei der Molosser-Vermitltungshilfe vorzustellen, was wir nat\u00fcrlich gerne taten. Zus\u00e4tzlich posteten wir ihr Gesuch aber auch im Molosserforum, wo sie einer Userin auffiel, die sich sofort in sie verliebte.<\/p>\n<p>Am 19.09.2010 nahm Manuela IHRE Seelenh\u00fcndin zusammen mit der mittlerweile ebenfalls verstorbenen Angelika Bonk von der Podenco-Hilfe am Flughafen in D\u00fcsseldorf in Empfang. Zusammen mit zwei anderen Adoptanten und ihren Hunden.<\/p>\n<p>Durch das Forum hielten wir in den folgenden Jahren immer losen Kontakt und wir sahen uns dar\u00fcberhinaus Jahr f\u00fcr Jahr auf Anti-Rasselisten-Demos, so dass ich mich immer wieder auf&#8217;s Neue dar\u00fcber freuen konnte, welch tolles, liebevolles und verst\u00e4ndiges Zuhause Dania gefunden und zu welch bildsch\u00f6ner und souver\u00e4ner H\u00fcndin sie sich gemausert hatte.<\/p>\n<p>Da schmerzte es doch sehr, als Manuela mir vergangenen Donnerstag berichtete, dass bei ihrem Liebling ein Osteosarkom diagnostiziert worden war.<br \/>\n<img loading=\"lazy\" decoding=\"async\" class=\"alignnone size-full wp-image-786\" src=\"http:\/\/www.demona.de\/blog\/wp-content\/uploads\/2011\/02\/d015.gif\" alt=\"traurig\" width=\"15\" height=\"17\" \/><br \/>\nWir haben lange telefoniert, miteinander geweint und in Erinnerungen geschwelgt. Wohl wissend, dass dies die letzten gemeinsamen Tage waren, die Manuela mit Dania verbringen w\u00fcrde, da die Schmerzen schon so stark waren, dass die S\u00fc\u00dfe heute erl\u00f6st werden sollte.<\/p>\n<p>Nun ist also auch Dania zur Regenbogenbr\u00fccke vorangegangen&#8230;. eine wundervolle H\u00fcndin, die ich niemals vergessen werde.<br \/>\n<img loading=\"lazy\" decoding=\"async\" class=\"alignnone size-full wp-image-786\" src=\"http:\/\/www.demona.de\/blog\/wp-content\/uploads\/2011\/02\/d015.gif\" alt=\"traurig\" width=\"15\" height=\"17\" \/><\/p>\n<p>&nbsp;<\/p>\n","protected":false},"excerpt":{"rendered":"<p>Dania 14.05.2007 &#8211; 25.07.2016 Diese wunderbare H\u00fcndin landete 2010 in einer T\u00f6tung auf Lanzarote, wo sie gl\u00fccklicherweise einer TS-Kollegin von der &#8222;Initiative f\u00fcr die gequ\u00e4lten Hunde von Lanzarote&#8220;\u00a0auffiel, die daraufhin alle Hebel in Bewegung setzte, um sie dort rauszuholen. Unter anderem bat sie uns, Dania bei der Molosser-Vermitltungshilfe vorzustellen, was wir nat\u00fcrlich gerne taten. Zus\u00e4tzlich [&hellip;]<\/p>\n","protected":false},"author":2,"featured_media":0,"comment_status":"open","ping_status":"closed","sticky":false,"template":"","format":"standard","meta":{"ngg_post_thumbnail":0,"footnotes":""},"categories":[8,7],"tags":[],"class_list":["post-8232","post","type-post","status-publish","format-standard","hentry","category-regenbogenbrucke","category-tierschutz"],"_links":{"self":[{"href":"http:\/\/www.demona.de\/blog\/index.php?rest_route=\/wp\/v2\/posts\/8232","targetHints":{"allow":["GET"]}}],"collection":[{"href":"http:\/\/www.demona.de\/blog\/index.php?rest_route=\/wp\/v2\/posts"}],"about":[{"href":"http:\/\/www.demona.de\/blog\/index.php?rest_route=\/wp\/v2\/types\/post"}],"author":[{"embeddable":true,"href":"http:\/\/www.demona.de\/blog\/index.php?rest_route=\/wp\/v2\/users\/2"}],"replies":[{"embeddable":true,"href":"http:\/\/www.demona.de\/blog\/index.php?rest_route=%2Fwp%2Fv2%2Fcomments&post=8232"}],"version-history":[{"count":5,"href":"http:\/\/www.demona.de\/blog\/index.php?rest_route=\/wp\/v2\/posts\/8232\/revisions"}],"predecessor-version":[{"id":8238,"href":"http:\/\/www.demona.de\/blog\/index.php?rest_route=\/wp\/v2\/posts\/8232\/revisions\/8238"}],"wp:attachment":[{"href":"http:\/\/www.demona.de\/blog\/index.php?rest_route=%2Fwp%2Fv2%2Fmedia&parent=8232"}],"wp:term":[{"taxonomy":"category","embeddable":true,"href":"http:\/\/www.demona.de\/blog\/index.php?rest_route=%2Fwp%2Fv2%2Fcategories&post=8232"},{"taxonomy":"post_tag","embeddable":true,"href":"http:\/\/www.demona.de\/blog\/index.php?rest_route=%2Fwp%2Fv2%2Ftags&post=8232"}],"curies":[{"name":"wp","href":"https:\/\/api.w.org\/{rel}","templated":true}]}}