{"id":8048,"date":"2016-06-26T12:44:09","date_gmt":"2016-06-26T12:44:09","guid":{"rendered":"http:\/\/www.demona.de\/blog\/?p=8048"},"modified":"2016-09-18T02:52:21","modified_gmt":"2016-09-18T02:52:21","slug":"simba-hat-uns-angst-gemacht","status":"publish","type":"post","link":"http:\/\/www.demona.de\/blog\/?p=8048","title":{"rendered":"Simba hat uns Angst gemacht"},"content":{"rendered":"<p>Ich hatte schon l\u00e4nger das Gef\u00fchl, dass mit Simba was nicht stimmt, ohne den Finger genau drauf legen zu k\u00f6nnen: Er ist auf Spazierg\u00e4ngen n\u00e4mlich nicht mehr so aktiv wie fr\u00fcher, aber &#8230;nun ja&#8230; er wird nicht j\u00fcnger (ist mittlerweile 9) und das dr\u00fcckende Wetter der letzten Wochen tut sicher auch sein \u00dcbriges.<\/p>\n<p>Das Herz? Oder vielleicht doch Schmerzen?<br \/>\nEr kommt halt auch nicht mehr so locker ins Auto&#8230;<\/p>\n<p>Unter Schmerzmedis und anschlie\u00dfend Dexboron forte wurde er tats\u00e4chlich beweglicher. Aber B\u00e4ume hat er immer noch nicht ausgerissen.<\/p>\n<p>Heute dann der Schock: Der Bub blieb zur\u00fcck, hatte einen leicht schwankenden Gang. Das Herz konnten wir nicht sp\u00fcren, aber er begann im Kopfbereich zu zucken, drohte umzukippen.<\/p>\n<p>G\u00f6rk ist daraufhin mit Matilda losgerannt, um das Auto zu holen, w\u00e4hrend ich mit den beiden Oldies zur\u00fcckblieb und Simba st\u00fctzte.<\/p>\n<p>Da der Bub im Stand stark zitterte und ich den Eindruck hatte, dass es in der Bewegung besser wurde, gingen wir im Schneckentempo weiter. Dabei nahm er den Kopf wie einen Schaufelbagger runter und fuhr damit -f\u00fcr Simba v\u00f6llig untypisch &#8211; durch das hohe und feuchte Weidegras. Dabei w\u00e4re er mir einmal fast vorn\u00fcber gekippt!<\/p>\n<p>Zuhause angekommen hat sich der Dicke schnell erholt und wirkt nun wieder v\u00f6llig normal. Trotzdem geht es morgen fr\u00fch nat\u00fcrlich gleich zur Tier\u00e4rztin.<\/p>\n<p>&nbsp;<\/p>\n","protected":false},"excerpt":{"rendered":"<p>Ich hatte schon l\u00e4nger das Gef\u00fchl, dass mit Simba was nicht stimmt, ohne den Finger genau drauf legen zu k\u00f6nnen: Er ist auf Spazierg\u00e4ngen n\u00e4mlich nicht mehr so aktiv wie fr\u00fcher, aber &#8230;nun ja&#8230; er wird nicht j\u00fcnger (ist mittlerweile 9) und das dr\u00fcckende Wetter der letzten Wochen tut sicher auch sein \u00dcbriges. Das Herz? [&hellip;]<\/p>\n","protected":false},"author":2,"featured_media":0,"comment_status":"open","ping_status":"closed","sticky":false,"template":"","format":"standard","meta":{"ngg_post_thumbnail":0,"footnotes":""},"categories":[5],"tags":[],"class_list":["post-8048","post","type-post","status-publish","format-standard","hentry","category-wauzis"],"_links":{"self":[{"href":"http:\/\/www.demona.de\/blog\/index.php?rest_route=\/wp\/v2\/posts\/8048","targetHints":{"allow":["GET"]}}],"collection":[{"href":"http:\/\/www.demona.de\/blog\/index.php?rest_route=\/wp\/v2\/posts"}],"about":[{"href":"http:\/\/www.demona.de\/blog\/index.php?rest_route=\/wp\/v2\/types\/post"}],"author":[{"embeddable":true,"href":"http:\/\/www.demona.de\/blog\/index.php?rest_route=\/wp\/v2\/users\/2"}],"replies":[{"embeddable":true,"href":"http:\/\/www.demona.de\/blog\/index.php?rest_route=%2Fwp%2Fv2%2Fcomments&post=8048"}],"version-history":[{"count":2,"href":"http:\/\/www.demona.de\/blog\/index.php?rest_route=\/wp\/v2\/posts\/8048\/revisions"}],"predecessor-version":[{"id":8050,"href":"http:\/\/www.demona.de\/blog\/index.php?rest_route=\/wp\/v2\/posts\/8048\/revisions\/8050"}],"wp:attachment":[{"href":"http:\/\/www.demona.de\/blog\/index.php?rest_route=%2Fwp%2Fv2%2Fmedia&parent=8048"}],"wp:term":[{"taxonomy":"category","embeddable":true,"href":"http:\/\/www.demona.de\/blog\/index.php?rest_route=%2Fwp%2Fv2%2Fcategories&post=8048"},{"taxonomy":"post_tag","embeddable":true,"href":"http:\/\/www.demona.de\/blog\/index.php?rest_route=%2Fwp%2Fv2%2Ftags&post=8048"}],"curies":[{"name":"wp","href":"https:\/\/api.w.org\/{rel}","templated":true}]}}