{"id":8021,"date":"2016-06-16T15:41:27","date_gmt":"2016-06-16T15:41:27","guid":{"rendered":"http:\/\/www.demona.de\/blog\/?p=8021"},"modified":"2016-09-12T15:45:40","modified_gmt":"2016-09-12T15:45:40","slug":"furchtlose-spaziergaenger","status":"publish","type":"post","link":"http:\/\/www.demona.de\/blog\/?p=8021","title":{"rendered":"Furchtlose Spazierg\u00e4nger"},"content":{"rendered":"<p>War morgens mit den Hunden unterwegs, querfeldein, Wauzis hatten Spa\u00df und waren auf dem R\u00fcckweg rechtschaffen m\u00fcde. Simba rutschte dann auch mal wieder r\u00fcckw\u00e4rts einen Hang runter&#8230;. er findet das spa\u00dfig.<br \/>\n<img loading=\"lazy\" decoding=\"async\" class=\"alignnone size-full wp-image-759\" src=\"http:\/\/www.demona.de\/blog\/wp-content\/uploads\/2011\/01\/80.gif\" alt=\"zwinker\" width=\"15\" height=\"15\" \/><br \/>\nDa kamen uns auf dem Wanderweg ein \u00e4lterer Herr und ein Paar entgegen. Ich rief das Trio ganz entspannt zu mir und wollte sie am Wegesrand absitzen lassen, als der Senior schon rief &#8222;Lassen Sie ruhig&#8230;wir haben keine Angst vor Hunden!&#8220;<\/p>\n<p>Ich daraufhin: &#8222;Die sind aber pitschnass und&#8230;&#8220;<\/p>\n<p>Er unterbrach mich: &#8222;Das macht doch nichts!&#8220;<\/p>\n<p>Sein Lachen war dann wohl f\u00fcr Mortisha der Startschuss: bellend rannte sie los und zog damit die anderen beiden mit, die sie nat\u00fcrlich \u00fcberholten und vor ihr bei den Leuten waren. Dort angekommen bellte Morty noch 1x kurz aus Unsicherheit &#8230;und beschloss dann , dass diese knuddelnden Leute wohl doch nett sein mussten . Also reihte sie sich gleich mit ein, um ebenfalls ein paar Streicheleinheiten zu ergattern.<\/p>\n<p>Nat\u00fcrlich kam dann gleich die Frage nach der Rasse.<\/p>\n<p>Ich: &#8222;Das sind alles Mischlinge aus dem Tierschutz&#8220;.<br \/>\nEr: &#8222;Das dachte ich mir schon!&#8220;<\/p>\n<p>\u00d6hm&#8230; was wollte er mir damit sagen? Das sich niemand so bekloppte Viecher vom Z\u00fcchter holen w\u00fcrde?<br \/>\n<img loading=\"lazy\" decoding=\"async\" class=\"alignnone size-full wp-image-1114\" src=\"http:\/\/www.demona.de\/blog\/wp-content\/uploads\/2011\/05\/kicher.gif\" alt=\"kicher\" width=\"15\" height=\"15\" \/><br \/>\nJedenfalls waren alle Menschen und Hunde restlos voneinander begeistert, auch wenn ich die quietschende Dame leicht entt\u00e4uschen und dar\u00fcber informieren musste, dass Mortisha NICHT die Mama von Matilda (&#8222;Matilda? Oh, wie niiiiiedlich!&#8220;) ist.<\/p>\n","protected":false},"excerpt":{"rendered":"<p>War morgens mit den Hunden unterwegs, querfeldein, Wauzis hatten Spa\u00df und waren auf dem R\u00fcckweg rechtschaffen m\u00fcde. Simba rutschte dann auch mal wieder r\u00fcckw\u00e4rts einen Hang runter&#8230;. er findet das spa\u00dfig. Da kamen uns auf dem Wanderweg ein \u00e4lterer Herr und ein Paar entgegen. Ich rief das Trio ganz entspannt zu mir und wollte sie [&hellip;]<\/p>\n","protected":false},"author":2,"featured_media":0,"comment_status":"open","ping_status":"closed","sticky":false,"template":"","format":"standard","meta":{"ngg_post_thumbnail":0,"footnotes":""},"categories":[5],"tags":[],"class_list":["post-8021","post","type-post","status-publish","format-standard","hentry","category-wauzis"],"_links":{"self":[{"href":"http:\/\/www.demona.de\/blog\/index.php?rest_route=\/wp\/v2\/posts\/8021","targetHints":{"allow":["GET"]}}],"collection":[{"href":"http:\/\/www.demona.de\/blog\/index.php?rest_route=\/wp\/v2\/posts"}],"about":[{"href":"http:\/\/www.demona.de\/blog\/index.php?rest_route=\/wp\/v2\/types\/post"}],"author":[{"embeddable":true,"href":"http:\/\/www.demona.de\/blog\/index.php?rest_route=\/wp\/v2\/users\/2"}],"replies":[{"embeddable":true,"href":"http:\/\/www.demona.de\/blog\/index.php?rest_route=%2Fwp%2Fv2%2Fcomments&post=8021"}],"version-history":[{"count":2,"href":"http:\/\/www.demona.de\/blog\/index.php?rest_route=\/wp\/v2\/posts\/8021\/revisions"}],"predecessor-version":[{"id":8023,"href":"http:\/\/www.demona.de\/blog\/index.php?rest_route=\/wp\/v2\/posts\/8021\/revisions\/8023"}],"wp:attachment":[{"href":"http:\/\/www.demona.de\/blog\/index.php?rest_route=%2Fwp%2Fv2%2Fmedia&parent=8021"}],"wp:term":[{"taxonomy":"category","embeddable":true,"href":"http:\/\/www.demona.de\/blog\/index.php?rest_route=%2Fwp%2Fv2%2Fcategories&post=8021"},{"taxonomy":"post_tag","embeddable":true,"href":"http:\/\/www.demona.de\/blog\/index.php?rest_route=%2Fwp%2Fv2%2Ftags&post=8021"}],"curies":[{"name":"wp","href":"https:\/\/api.w.org\/{rel}","templated":true}]}}