{"id":7728,"date":"2016-03-12T18:16:06","date_gmt":"2016-03-12T18:16:06","guid":{"rendered":"http:\/\/www.demona.de\/blog\/?p=7728"},"modified":"2016-07-13T08:22:39","modified_gmt":"2016-07-13T08:22:39","slug":"abschuerfung","status":"publish","type":"post","link":"http:\/\/www.demona.de\/blog\/?p=7728","title":{"rendered":"Absch\u00fcrfung"},"content":{"rendered":"<p>Nach dem Spaziergang fiel mir an Matildas linken Vorderlauf das hier auf:<\/p>\n<p><img loading=\"lazy\" decoding=\"async\" class=\"alignnone wp-image-7729 size-medium\" src=\"http:\/\/www.demona.de\/blog\/wp-content\/uploads\/2016\/07\/IMG_3509-225x300.jpg\" alt=\"Absch\u00fcrfung Matilda\" width=\"225\" height=\"300\" \/><\/p>\n<p>H\u00e4tte sie diese Absch\u00fcrfung an beiden L\u00e4ufen, h\u00e4tte ich gedacht, dass sie gegen einen Draht- oder sonstigen Zaun gerannt ist, als sie mal wieder im Unterholz verschwunden und wild hin und her geprescht ist. Vielleicht hat sie aber auch nur eine Kurve zu eng genommen und ist dabei gegen einen rausstehenden Ast geknallt. Wer weiss&#8230;<\/p>\n<p>Unterwegs hat sie jedenfalls keinen Mucks von sich gegeben und auch nicht gehumpelt. Auch scheint sie die Absch\u00fcrfung nicht zu st\u00f6ren.<\/p>\n<p>Wir schmieren jetzt mal ein paar Tage Honigsalbe drauf, solange die Stelle ger\u00f6tet und entz\u00fcndet ist. Das sollte hoffentlich reichen und keinen weiteren Tierarztbesuch n\u00f6tig machen&#8230; denn daran hat sie mittlerweile keinen besonderen Spa\u00df mehr.<br \/>\n<img loading=\"lazy\" decoding=\"async\" class=\"alignnone size-full wp-image-759\" src=\"http:\/\/www.demona.de\/blog\/wp-content\/uploads\/2011\/01\/80.gif\" alt=\"zwinker\" width=\"15\" height=\"15\" \/><\/p>\n","protected":false},"excerpt":{"rendered":"<p>Nach dem Spaziergang fiel mir an Matildas linken Vorderlauf das hier auf: H\u00e4tte sie diese Absch\u00fcrfung an beiden L\u00e4ufen, h\u00e4tte ich gedacht, dass sie gegen einen Draht- oder sonstigen Zaun gerannt ist, als sie mal wieder im Unterholz verschwunden und wild hin und her geprescht ist. Vielleicht hat sie aber auch nur eine Kurve zu [&hellip;]<\/p>\n","protected":false},"author":2,"featured_media":0,"comment_status":"open","ping_status":"closed","sticky":false,"template":"","format":"standard","meta":{"ngg_post_thumbnail":0,"footnotes":""},"categories":[5],"tags":[],"class_list":["post-7728","post","type-post","status-publish","format-standard","hentry","category-wauzis"],"_links":{"self":[{"href":"http:\/\/www.demona.de\/blog\/index.php?rest_route=\/wp\/v2\/posts\/7728","targetHints":{"allow":["GET"]}}],"collection":[{"href":"http:\/\/www.demona.de\/blog\/index.php?rest_route=\/wp\/v2\/posts"}],"about":[{"href":"http:\/\/www.demona.de\/blog\/index.php?rest_route=\/wp\/v2\/types\/post"}],"author":[{"embeddable":true,"href":"http:\/\/www.demona.de\/blog\/index.php?rest_route=\/wp\/v2\/users\/2"}],"replies":[{"embeddable":true,"href":"http:\/\/www.demona.de\/blog\/index.php?rest_route=%2Fwp%2Fv2%2Fcomments&post=7728"}],"version-history":[{"count":1,"href":"http:\/\/www.demona.de\/blog\/index.php?rest_route=\/wp\/v2\/posts\/7728\/revisions"}],"predecessor-version":[{"id":7730,"href":"http:\/\/www.demona.de\/blog\/index.php?rest_route=\/wp\/v2\/posts\/7728\/revisions\/7730"}],"wp:attachment":[{"href":"http:\/\/www.demona.de\/blog\/index.php?rest_route=%2Fwp%2Fv2%2Fmedia&parent=7728"}],"wp:term":[{"taxonomy":"category","embeddable":true,"href":"http:\/\/www.demona.de\/blog\/index.php?rest_route=%2Fwp%2Fv2%2Fcategories&post=7728"},{"taxonomy":"post_tag","embeddable":true,"href":"http:\/\/www.demona.de\/blog\/index.php?rest_route=%2Fwp%2Fv2%2Ftags&post=7728"}],"curies":[{"name":"wp","href":"https:\/\/api.w.org\/{rel}","templated":true}]}}