{"id":7721,"date":"2016-03-07T11:50:56","date_gmt":"2016-03-07T11:50:56","guid":{"rendered":"http:\/\/www.demona.de\/blog\/?p=7721"},"modified":"2016-07-12T11:52:51","modified_gmt":"2016-07-12T11:52:51","slug":"goodbye-maja","status":"publish","type":"post","link":"http:\/\/www.demona.de\/blog\/?p=7721","title":{"rendered":"Goodbye, Maja!"},"content":{"rendered":"<p>Maja<br \/>\nca. 2012 &#8211; 07.03.2016<\/p>\n<p><img loading=\"lazy\" decoding=\"async\" class=\"alignnone size-full wp-image-7722\" src=\"http:\/\/www.demona.de\/blog\/wp-content\/uploads\/2016\/07\/rip_maja.png\" alt=\"rip_maja\" width=\"450\" height=\"301\" srcset=\"http:\/\/www.demona.de\/blog\/wp-content\/uploads\/2016\/07\/rip_maja.png 450w, http:\/\/www.demona.de\/blog\/wp-content\/uploads\/2016\/07\/rip_maja-300x201.png 300w\" sizes=\"auto, (max-width: 450px) 100vw, 450px\" \/><\/p>\n<p>Maja wurde Ende November 2015 aus einer ungarischen T\u00f6tung gerettet&#8230; stark unterern\u00e4hrt, nahezu blind, mit schwerst entz\u00fcndeten und teils deformierten Pfoten. Ein k\u00f6rperliches Wrack, das offenbar als Geb\u00e4rmaschine ausgedient hatte und daher entsorgt worden war.<\/p>\n<p>Silvester 2015 kam sie zur Pflege zu unserer lieben Astrid, die sich zusammen mit ihrem Mann intensivst um die arme H\u00fcndin k\u00fcmmerte&#8230;. in diesem Zustand war Maja n\u00e4mlich noch lange nicht vermittlungsf\u00e4hig.<\/p>\n<p>Dass ein Hund mit solchen Schmerzen und einer garantiert \u00fcblen Vorgeschichte noch so nett und zuwendungsbereit sein konnte, ist f\u00fcr uns alle ein ewiges Wunder: sie kam nicht nur bestens mit den vorhandenen R\u00fcden, den vielen Katzen und sogar den Pferden aus, sondern lie\u00df sich jede noch so schmerzhafte oder unangenehme Behandlung geduldig gefallen und genoss die Zuwendung, die sie nun endlich erhielt, in vollen Z\u00fcgen.<\/p>\n<p>Maja nahm zu, das Fell gl\u00e4nzte wie ein Speckschwarte, die Pfoten besserten sich ein kleines bisschen, eine erste Kopfhautraffung steckte sie super weg und sie wurde immer verspielter und selbstbewusster.<\/p>\n<p>Und dann&#8230; von einem Tag auf den anderen&#8230; wurde sie st\u00fcndlich schw\u00e4cher, bis sie heute in den fr\u00fchen Morgenstunden mit dem Kopf auf Astrids Scho\u00df einfach eingeschlafen ist, ohne Schmerzen, ganz friedlich.<\/p>\n<p>Eine wunderbare H\u00fcndin, die wahrscheinlich ihr ganzes Leben lang k\u00e4mpfen musste. Und nun, da sie endlich in einem tollen Zuhause angekommen war, konnte sie zu k\u00e4mpfen aufh\u00f6ren und sich einfach fallen lassen: 9 kurze, aber intensive Wochen. 9 Wochen, in denen sie verw\u00f6hnt und geliebt wurde. 9 Wochen, in denen sie endlich aufleben konnte&#8230; und die ihr anscheinend reichten&#8230;.auch wenn wir ihr noch viele gl\u00fcckliche Jahre gew\u00fcnscht h\u00e4tten.<\/p>\n<p>Astrids und Andreas&#8216; Schmerz ist so gro\u00df, dass man ihn nicht in Worte fassen kann. Und so k\u00f6nnen wir nur mit ihnen weinen&#8230; und ihnen aus ganzem Herzen danken, dass sie Maja aufgenommen und sich bis zu ihrem Ende so liebevoll um sie gek\u00fcmmert haben.<\/p>\n<p>&nbsp;<\/p>\n","protected":false},"excerpt":{"rendered":"<p>Maja ca. 2012 &#8211; 07.03.2016 Maja wurde Ende November 2015 aus einer ungarischen T\u00f6tung gerettet&#8230; stark unterern\u00e4hrt, nahezu blind, mit schwerst entz\u00fcndeten und teils deformierten Pfoten. Ein k\u00f6rperliches Wrack, das offenbar als Geb\u00e4rmaschine ausgedient hatte und daher entsorgt worden war. Silvester 2015 kam sie zur Pflege zu unserer lieben Astrid, die sich zusammen mit ihrem [&hellip;]<\/p>\n","protected":false},"author":2,"featured_media":0,"comment_status":"open","ping_status":"closed","sticky":false,"template":"","format":"standard","meta":{"ngg_post_thumbnail":0,"footnotes":""},"categories":[8,7],"tags":[],"class_list":["post-7721","post","type-post","status-publish","format-standard","hentry","category-regenbogenbrucke","category-tierschutz"],"_links":{"self":[{"href":"http:\/\/www.demona.de\/blog\/index.php?rest_route=\/wp\/v2\/posts\/7721","targetHints":{"allow":["GET"]}}],"collection":[{"href":"http:\/\/www.demona.de\/blog\/index.php?rest_route=\/wp\/v2\/posts"}],"about":[{"href":"http:\/\/www.demona.de\/blog\/index.php?rest_route=\/wp\/v2\/types\/post"}],"author":[{"embeddable":true,"href":"http:\/\/www.demona.de\/blog\/index.php?rest_route=\/wp\/v2\/users\/2"}],"replies":[{"embeddable":true,"href":"http:\/\/www.demona.de\/blog\/index.php?rest_route=%2Fwp%2Fv2%2Fcomments&post=7721"}],"version-history":[{"count":2,"href":"http:\/\/www.demona.de\/blog\/index.php?rest_route=\/wp\/v2\/posts\/7721\/revisions"}],"predecessor-version":[{"id":7724,"href":"http:\/\/www.demona.de\/blog\/index.php?rest_route=\/wp\/v2\/posts\/7721\/revisions\/7724"}],"wp:attachment":[{"href":"http:\/\/www.demona.de\/blog\/index.php?rest_route=%2Fwp%2Fv2%2Fmedia&parent=7721"}],"wp:term":[{"taxonomy":"category","embeddable":true,"href":"http:\/\/www.demona.de\/blog\/index.php?rest_route=%2Fwp%2Fv2%2Fcategories&post=7721"},{"taxonomy":"post_tag","embeddable":true,"href":"http:\/\/www.demona.de\/blog\/index.php?rest_route=%2Fwp%2Fv2%2Ftags&post=7721"}],"curies":[{"name":"wp","href":"https:\/\/api.w.org\/{rel}","templated":true}]}}