{"id":7693,"date":"2016-02-29T09:28:12","date_gmt":"2016-02-29T09:28:12","guid":{"rendered":"http:\/\/www.demona.de\/blog\/?p=7693"},"modified":"2016-06-30T09:41:59","modified_gmt":"2016-06-30T09:41:59","slug":"neue-hunde-in-der-nachbarschaft","status":"publish","type":"post","link":"http:\/\/www.demona.de\/blog\/?p=7693","title":{"rendered":"Neue Hunde in der Nachbarschaft"},"content":{"rendered":"<p>Wir gehen in der unmittelbaren Nachbarschaft bzw. im angrenzenden Park ja eher selten spazieren, weil er von Bundesstra\u00dfe und Autobahn umgeben, nicht komplett umz\u00e4unt und au\u00dferdem von Feldhasen bev\u00f6lkert ist, so dass ich meine Wauzis dort nur bedingt laufen lassen kann.<\/p>\n<p>Da ich momentan aber wieder etwas vorsichtiger mit Matilda bin und sie nicht mit auf die gro\u00dfen Runden nehmen m\u00f6chte, bekommen alle Einzelspazierg\u00e4nge.<\/p>\n<p>Mit Simba war ich offenbar zu fr\u00fch unterwegs, doch als die M\u00e4dels dran waren, lie\u00dfen sich auch andere Hundehalter blicken.<br \/>\n<img loading=\"lazy\" decoding=\"async\" class=\"alignnone size-full wp-image-759\" src=\"http:\/\/www.demona.de\/blog\/wp-content\/uploads\/2011\/01\/80.gif\" alt=\"zwinker\" width=\"15\" height=\"15\" \/><br \/>\nMati hat dann auch endlich den feschen Puggle-R\u00fcden Kalle (8 Jahre) kennengelernt, der mit seiner Familie vor kurzem ein paar H\u00e4user weiter eingezogen ist und den wir bisher nur von weitem gesehen hatten.<\/p>\n<p>Morty hat sp\u00e4ter dann sogar ZWEI neue Jungs kennengelernt: Foxterrier Thyson (11) Jahre, ein wahrer Gentleman, mit dem wir dann gemeinsam durch den Park geschlendert sind&#8230;. und ein lustiger Rehpinscher, dessen Gassig\u00e4nger leider null Ahnung hatte. Obwohl der junge R\u00fcde v\u00f6llig begeistert war, aus dem Wedeln nicht rauskam und zu gerne mit den beiden Oldies rumgehopst w\u00e4re, lie\u00df der Mann nur einen Nase-an-Nase-Kontakt mit Mortisha zu, die den Kleinen erstaunlicherweise sofort klasse fand. Begr\u00fcndung des Mannes: der Rehpinscher sei aggressiv&#8230;und verwies auf die B\u00fcrste, die der Kleine hatte.<\/p>\n<p>Dass der andere Hundehalter und ich ihm versicherten, dass eine B\u00fcrste lediglich ein Zeichen von Aufregung (ob nun positiv oder negativ) sei und man auf die restliche K\u00f6rpersprache des Hundes achten m\u00fcssen, \u00fcberzeugte ihn leider nicht.<\/p>\n<p>Man kann nur hoffen, dass die eigentliche Hundehalterin ihren Hund besser einsch\u00e4tzen kann und dem St\u00f6psel ausreichend Hundekontakte g\u00f6nnt. *seufz*<\/p>\n<p>&nbsp;<\/p>\n","protected":false},"excerpt":{"rendered":"<p>Wir gehen in der unmittelbaren Nachbarschaft bzw. im angrenzenden Park ja eher selten spazieren, weil er von Bundesstra\u00dfe und Autobahn umgeben, nicht komplett umz\u00e4unt und au\u00dferdem von Feldhasen bev\u00f6lkert ist, so dass ich meine Wauzis dort nur bedingt laufen lassen kann. Da ich momentan aber wieder etwas vorsichtiger mit Matilda bin und sie nicht mit [&hellip;]<\/p>\n","protected":false},"author":2,"featured_media":0,"comment_status":"open","ping_status":"closed","sticky":false,"template":"","format":"standard","meta":{"ngg_post_thumbnail":0,"footnotes":""},"categories":[5],"tags":[],"class_list":["post-7693","post","type-post","status-publish","format-standard","hentry","category-wauzis"],"_links":{"self":[{"href":"http:\/\/www.demona.de\/blog\/index.php?rest_route=\/wp\/v2\/posts\/7693","targetHints":{"allow":["GET"]}}],"collection":[{"href":"http:\/\/www.demona.de\/blog\/index.php?rest_route=\/wp\/v2\/posts"}],"about":[{"href":"http:\/\/www.demona.de\/blog\/index.php?rest_route=\/wp\/v2\/types\/post"}],"author":[{"embeddable":true,"href":"http:\/\/www.demona.de\/blog\/index.php?rest_route=\/wp\/v2\/users\/2"}],"replies":[{"embeddable":true,"href":"http:\/\/www.demona.de\/blog\/index.php?rest_route=%2Fwp%2Fv2%2Fcomments&post=7693"}],"version-history":[{"count":1,"href":"http:\/\/www.demona.de\/blog\/index.php?rest_route=\/wp\/v2\/posts\/7693\/revisions"}],"predecessor-version":[{"id":7694,"href":"http:\/\/www.demona.de\/blog\/index.php?rest_route=\/wp\/v2\/posts\/7693\/revisions\/7694"}],"wp:attachment":[{"href":"http:\/\/www.demona.de\/blog\/index.php?rest_route=%2Fwp%2Fv2%2Fmedia&parent=7693"}],"wp:term":[{"taxonomy":"category","embeddable":true,"href":"http:\/\/www.demona.de\/blog\/index.php?rest_route=%2Fwp%2Fv2%2Fcategories&post=7693"},{"taxonomy":"post_tag","embeddable":true,"href":"http:\/\/www.demona.de\/blog\/index.php?rest_route=%2Fwp%2Fv2%2Ftags&post=7693"}],"curies":[{"name":"wp","href":"https:\/\/api.w.org\/{rel}","templated":true}]}}