{"id":7671,"date":"2016-02-20T09:48:54","date_gmt":"2016-02-20T09:48:54","guid":{"rendered":"http:\/\/www.demona.de\/blog\/?p=7671"},"modified":"2016-06-21T09:53:53","modified_gmt":"2016-06-21T09:53:53","slug":"kleiner-dussel","status":"publish","type":"post","link":"http:\/\/www.demona.de\/blog\/?p=7671","title":{"rendered":"Kleiner Dussel"},"content":{"rendered":"<p>Simba ist ja nicht gerade die hellste Leuchte&#8230; heute aber hat er sich selbst \u00fcbertroffen:<\/p>\n<p>Stand mitten im T\u00fcrrahmen und sch\u00fcttelte sich so heftig, dass er mit seinem Bollersch\u00e4del seitlich gegen die Zarge knallte und laut aufquietschte! *kopfsch\u00fcttel*<\/p>\n<p>Sein verwirrter Blick war einfach zu niedlich.\u00a0Mama hat ihm dann mal schnell einen Knutscher gegeben und schon war die Welt wieder in Ordnung!<br \/>\n<img loading=\"lazy\" decoding=\"async\" class=\"alignnone size-full wp-image-759\" src=\"http:\/\/www.demona.de\/blog\/wp-content\/uploads\/2011\/01\/80.gif\" alt=\"zwinker\" width=\"15\" height=\"15\" \/><\/p>\n","protected":false},"excerpt":{"rendered":"<p>Simba ist ja nicht gerade die hellste Leuchte&#8230; heute aber hat er sich selbst \u00fcbertroffen: Stand mitten im T\u00fcrrahmen und sch\u00fcttelte sich so heftig, dass er mit seinem Bollersch\u00e4del seitlich gegen die Zarge knallte und laut aufquietschte! *kopfsch\u00fcttel* Sein verwirrter Blick war einfach zu niedlich.\u00a0Mama hat ihm dann mal schnell einen Knutscher gegeben und schon [&hellip;]<\/p>\n","protected":false},"author":2,"featured_media":0,"comment_status":"open","ping_status":"closed","sticky":false,"template":"","format":"standard","meta":{"ngg_post_thumbnail":0,"footnotes":""},"categories":[5],"tags":[],"class_list":["post-7671","post","type-post","status-publish","format-standard","hentry","category-wauzis"],"_links":{"self":[{"href":"http:\/\/www.demona.de\/blog\/index.php?rest_route=\/wp\/v2\/posts\/7671","targetHints":{"allow":["GET"]}}],"collection":[{"href":"http:\/\/www.demona.de\/blog\/index.php?rest_route=\/wp\/v2\/posts"}],"about":[{"href":"http:\/\/www.demona.de\/blog\/index.php?rest_route=\/wp\/v2\/types\/post"}],"author":[{"embeddable":true,"href":"http:\/\/www.demona.de\/blog\/index.php?rest_route=\/wp\/v2\/users\/2"}],"replies":[{"embeddable":true,"href":"http:\/\/www.demona.de\/blog\/index.php?rest_route=%2Fwp%2Fv2%2Fcomments&post=7671"}],"version-history":[{"count":1,"href":"http:\/\/www.demona.de\/blog\/index.php?rest_route=\/wp\/v2\/posts\/7671\/revisions"}],"predecessor-version":[{"id":7672,"href":"http:\/\/www.demona.de\/blog\/index.php?rest_route=\/wp\/v2\/posts\/7671\/revisions\/7672"}],"wp:attachment":[{"href":"http:\/\/www.demona.de\/blog\/index.php?rest_route=%2Fwp%2Fv2%2Fmedia&parent=7671"}],"wp:term":[{"taxonomy":"category","embeddable":true,"href":"http:\/\/www.demona.de\/blog\/index.php?rest_route=%2Fwp%2Fv2%2Fcategories&post=7671"},{"taxonomy":"post_tag","embeddable":true,"href":"http:\/\/www.demona.de\/blog\/index.php?rest_route=%2Fwp%2Fv2%2Ftags&post=7671"}],"curies":[{"name":"wp","href":"https:\/\/api.w.org\/{rel}","templated":true}]}}