{"id":7659,"date":"2016-02-13T17:25:45","date_gmt":"2016-02-13T17:25:45","guid":{"rendered":"http:\/\/www.demona.de\/blog\/?p=7659"},"modified":"2016-06-14T13:41:34","modified_gmt":"2016-06-14T13:41:34","slug":"fundstueck-2","status":"publish","type":"post","link":"http:\/\/www.demona.de\/blog\/?p=7659","title":{"rendered":"Fundst\u00fcck"},"content":{"rendered":"<p>Flohm\u00e4rkte sind nicht mehr so meins&#8230; da mein G\u00f6ttergatte aber gerne nach altem Werkzeug st\u00f6bern wollte, habe ich ihn zum Flohmarkt an der Biskuithalle begleitet. Und wenn man schon mal da ist, kann man doch gucken, ob man nicht selbst was Nettes findet, oder?<\/p>\n<p>Und ich wurde tats\u00e4chlich f\u00fcndig!<\/p>\n<p><img loading=\"lazy\" decoding=\"async\" class=\"alignnone size-full wp-image-7660\" src=\"http:\/\/www.demona.de\/blog\/wp-content\/uploads\/2016\/06\/kamerad_hund.jpg\" alt=\"kamerad_hund\" width=\"229\" height=\"315\" srcset=\"http:\/\/www.demona.de\/blog\/wp-content\/uploads\/2016\/06\/kamerad_hund.jpg 229w, http:\/\/www.demona.de\/blog\/wp-content\/uploads\/2016\/06\/kamerad_hund-218x300.jpg 218w\" sizes=\"auto, (max-width: 229px) 100vw, 229px\" \/><\/p>\n<p>Ein gro\u00dfformatiges\u00a0Bilderalbum von 1955 mit 150 farbigen Sammelbildern, die alle komplett eingeklebt sind. Dieses Sammelalbum hat ein paar Flecken, leicht abgesto\u00dfene R\u00e4nder und ein Eselsohr&#8230; ist aber insgesamt noch recht gut erhalten.<\/p>\n<p>Laut Internet zahlt man daf\u00fcr (in \u00e4hnlichen Zustand) um die 30 \u20ac&#8230; sehr gut erhaltene Exemplare gehen sogar f\u00fcr bis zu 100 \u20ac \u00fcber die Ladentheke.<\/p>\n<p>Da habe ich doch mit meinen 5 \u20ac ein echtes Schn\u00e4ppchen gemacht!<br \/>\n<img loading=\"lazy\" decoding=\"async\" class=\"alignnone size-full wp-image-640\" src=\"http:\/\/www.demona.de\/blog\/wp-content\/uploads\/2011\/01\/a020.gif\" alt=\"Daumen hoch\" width=\"23\" height=\"20\" \/><\/p>\n","protected":false},"excerpt":{"rendered":"<p>Flohm\u00e4rkte sind nicht mehr so meins&#8230; da mein G\u00f6ttergatte aber gerne nach altem Werkzeug st\u00f6bern wollte, habe ich ihn zum Flohmarkt an der Biskuithalle begleitet. Und wenn man schon mal da ist, kann man doch gucken, ob man nicht selbst was Nettes findet, oder? Und ich wurde tats\u00e4chlich f\u00fcndig! Ein gro\u00dfformatiges\u00a0Bilderalbum von 1955 mit 150 [&hellip;]<\/p>\n","protected":false},"author":2,"featured_media":0,"comment_status":"open","ping_status":"closed","sticky":false,"template":"","format":"standard","meta":{"ngg_post_thumbnail":0,"footnotes":""},"categories":[12],"tags":[],"class_list":["post-7659","post","type-post","status-publish","format-standard","hentry","category-bucher"],"_links":{"self":[{"href":"http:\/\/www.demona.de\/blog\/index.php?rest_route=\/wp\/v2\/posts\/7659","targetHints":{"allow":["GET"]}}],"collection":[{"href":"http:\/\/www.demona.de\/blog\/index.php?rest_route=\/wp\/v2\/posts"}],"about":[{"href":"http:\/\/www.demona.de\/blog\/index.php?rest_route=\/wp\/v2\/types\/post"}],"author":[{"embeddable":true,"href":"http:\/\/www.demona.de\/blog\/index.php?rest_route=\/wp\/v2\/users\/2"}],"replies":[{"embeddable":true,"href":"http:\/\/www.demona.de\/blog\/index.php?rest_route=%2Fwp%2Fv2%2Fcomments&post=7659"}],"version-history":[{"count":1,"href":"http:\/\/www.demona.de\/blog\/index.php?rest_route=\/wp\/v2\/posts\/7659\/revisions"}],"predecessor-version":[{"id":7661,"href":"http:\/\/www.demona.de\/blog\/index.php?rest_route=\/wp\/v2\/posts\/7659\/revisions\/7661"}],"wp:attachment":[{"href":"http:\/\/www.demona.de\/blog\/index.php?rest_route=%2Fwp%2Fv2%2Fmedia&parent=7659"}],"wp:term":[{"taxonomy":"category","embeddable":true,"href":"http:\/\/www.demona.de\/blog\/index.php?rest_route=%2Fwp%2Fv2%2Fcategories&post=7659"},{"taxonomy":"post_tag","embeddable":true,"href":"http:\/\/www.demona.de\/blog\/index.php?rest_route=%2Fwp%2Fv2%2Ftags&post=7659"}],"curies":[{"name":"wp","href":"https:\/\/api.w.org\/{rel}","templated":true}]}}