{"id":7654,"date":"2016-02-12T13:15:28","date_gmt":"2016-02-12T13:15:28","guid":{"rendered":"http:\/\/www.demona.de\/blog\/?p=7654"},"modified":"2016-06-14T13:20:00","modified_gmt":"2016-06-14T13:20:00","slug":"was-sollte-das","status":"publish","type":"post","link":"http:\/\/www.demona.de\/blog\/?p=7654","title":{"rendered":"Was sollte das?"},"content":{"rendered":"<p>Normalerweise fixiert Simba h\u00f6chstens und ist leicht angespannt, sobald wir Fremdhundbegegnungen haben und er mit den M\u00e4dels zusammen ist.<\/p>\n<p>Nicht so heute!<\/p>\n<p>Ich hatte ich \u00a0gerade aus dem Auto geholt, als sich ein (angeleinter) Cattle Dog-R\u00fcde n\u00e4herte, so dass ich die M\u00e4dels noch im Auto lie\u00df. Beide Gremlins machten ordentlich Randale -&gt; das macht Matilda ausschlie\u00dflich vor lauter Aufregung aus dem Auto raus.<\/p>\n<p>So von seinem Baby &#8222;gepusht&#8220;, ist Simba allen Ernstes nach vorne gegangen, als der R\u00fcde auf unserer H\u00f6he war&#8230;. womit ich nat\u00fcrlich nicht gerechnet hatte, weil er das sonst ja NIE tut.<\/p>\n<p>Gl\u00fccklicherweise ist er ja recht klein und leicht, so dass ich ihn selbst &#8222;im Flug&#8220; halten konnte.<\/p>\n<p>Trotzdem habe ich ihn ziemlich heftig zusammengestaucht und hoffe, dass er sich solche Aktionen in Zukunft nicht mehr rausnimmt! *grmpf*<\/p>\n","protected":false},"excerpt":{"rendered":"<p>Normalerweise fixiert Simba h\u00f6chstens und ist leicht angespannt, sobald wir Fremdhundbegegnungen haben und er mit den M\u00e4dels zusammen ist. Nicht so heute! Ich hatte ich \u00a0gerade aus dem Auto geholt, als sich ein (angeleinter) Cattle Dog-R\u00fcde n\u00e4herte, so dass ich die M\u00e4dels noch im Auto lie\u00df. Beide Gremlins machten ordentlich Randale -&gt; das macht Matilda [&hellip;]<\/p>\n","protected":false},"author":2,"featured_media":0,"comment_status":"open","ping_status":"closed","sticky":false,"template":"","format":"standard","meta":{"ngg_post_thumbnail":0,"footnotes":""},"categories":[5],"tags":[],"class_list":["post-7654","post","type-post","status-publish","format-standard","hentry","category-wauzis"],"_links":{"self":[{"href":"http:\/\/www.demona.de\/blog\/index.php?rest_route=\/wp\/v2\/posts\/7654","targetHints":{"allow":["GET"]}}],"collection":[{"href":"http:\/\/www.demona.de\/blog\/index.php?rest_route=\/wp\/v2\/posts"}],"about":[{"href":"http:\/\/www.demona.de\/blog\/index.php?rest_route=\/wp\/v2\/types\/post"}],"author":[{"embeddable":true,"href":"http:\/\/www.demona.de\/blog\/index.php?rest_route=\/wp\/v2\/users\/2"}],"replies":[{"embeddable":true,"href":"http:\/\/www.demona.de\/blog\/index.php?rest_route=%2Fwp%2Fv2%2Fcomments&post=7654"}],"version-history":[{"count":3,"href":"http:\/\/www.demona.de\/blog\/index.php?rest_route=\/wp\/v2\/posts\/7654\/revisions"}],"predecessor-version":[{"id":7657,"href":"http:\/\/www.demona.de\/blog\/index.php?rest_route=\/wp\/v2\/posts\/7654\/revisions\/7657"}],"wp:attachment":[{"href":"http:\/\/www.demona.de\/blog\/index.php?rest_route=%2Fwp%2Fv2%2Fmedia&parent=7654"}],"wp:term":[{"taxonomy":"category","embeddable":true,"href":"http:\/\/www.demona.de\/blog\/index.php?rest_route=%2Fwp%2Fv2%2Fcategories&post=7654"},{"taxonomy":"post_tag","embeddable":true,"href":"http:\/\/www.demona.de\/blog\/index.php?rest_route=%2Fwp%2Fv2%2Ftags&post=7654"}],"curies":[{"name":"wp","href":"https:\/\/api.w.org\/{rel}","templated":true}]}}