{"id":7648,"date":"2016-02-10T15:41:38","date_gmt":"2016-02-10T15:41:38","guid":{"rendered":"http:\/\/www.demona.de\/blog\/?p=7648"},"modified":"2016-06-14T13:10:28","modified_gmt":"2016-06-14T13:10:28","slug":"stand-matilda","status":"publish","type":"post","link":"http:\/\/www.demona.de\/blog\/?p=7648","title":{"rendered":"Abschluss Physiotherapie"},"content":{"rendered":"<p>Nach knapp 2 Monaten regelm\u00e4\u00dfiger Physiotherapie bei der lieben <a href=\"http:\/\/www.tierphysiotherapie-bonn.de\/index.html\" target=\"_blank\">Andrea Berlinghoff<\/a> und zuhause, wurden wir heute als &#8222;geheilt&#8220; (soweit das eben bei dem Befund geht) entlassen.<\/p>\n<p>Matilda wurde morgens schon mit den Worten &#8222;Na, hast du mal wieder dein Ritalin vergessen?&#8220; empfangen&#8230; was eigentlich schon alles sagt.<br \/>\n<img loading=\"lazy\" decoding=\"async\" class=\"alignnone size-full wp-image-759\" src=\"http:\/\/www.demona.de\/blog\/wp-content\/uploads\/2011\/01\/80.gif\" alt=\"zwinker\" width=\"15\" height=\"15\" \/><br \/>\nDer kleine Gremlin ist wibbelig und wuselig, wieder frei beweglich, man kann bei passiver Bewegung keine Schmerzen \/ kein Unwohlsein hervorrufen, die Hinterlaufmuskulatur hat zugenommen und sie in \u00a0den Sprunggelenken wieder etwas fester geworden.<\/p>\n<p>Mehr k\u00f6nnen wir bei dem Zustand von Matildas Wirbels\u00e4ule nicht erwarten.<\/p>\n<p>Sie darf sich nun weitestgehend normal bewegen und belasten&#8230;. nat\u00fcrlich immer mit einer gewissen Vorsicht bzgl. ihres R\u00fcckens. Aber wir k\u00f6nnen und wollen sie nicht in Watte packen: sie ist noch so jung und soll ihr Leben genie\u00dfen d\u00fcrfen.<\/p>\n<p>Und wir hoffen sehr, dass wir diesen Zustand noch recht lange erhalten k\u00f6nnen!<\/p>\n","protected":false},"excerpt":{"rendered":"<p>Nach knapp 2 Monaten regelm\u00e4\u00dfiger Physiotherapie bei der lieben Andrea Berlinghoff und zuhause, wurden wir heute als &#8222;geheilt&#8220; (soweit das eben bei dem Befund geht) entlassen. Matilda wurde morgens schon mit den Worten &#8222;Na, hast du mal wieder dein Ritalin vergessen?&#8220; empfangen&#8230; was eigentlich schon alles sagt. Der kleine Gremlin ist wibbelig und wuselig, wieder [&hellip;]<\/p>\n","protected":false},"author":2,"featured_media":0,"comment_status":"open","ping_status":"closed","sticky":false,"template":"","format":"standard","meta":{"ngg_post_thumbnail":0,"footnotes":""},"categories":[5],"tags":[],"class_list":["post-7648","post","type-post","status-publish","format-standard","hentry","category-wauzis"],"_links":{"self":[{"href":"http:\/\/www.demona.de\/blog\/index.php?rest_route=\/wp\/v2\/posts\/7648","targetHints":{"allow":["GET"]}}],"collection":[{"href":"http:\/\/www.demona.de\/blog\/index.php?rest_route=\/wp\/v2\/posts"}],"about":[{"href":"http:\/\/www.demona.de\/blog\/index.php?rest_route=\/wp\/v2\/types\/post"}],"author":[{"embeddable":true,"href":"http:\/\/www.demona.de\/blog\/index.php?rest_route=\/wp\/v2\/users\/2"}],"replies":[{"embeddable":true,"href":"http:\/\/www.demona.de\/blog\/index.php?rest_route=%2Fwp%2Fv2%2Fcomments&post=7648"}],"version-history":[{"count":5,"href":"http:\/\/www.demona.de\/blog\/index.php?rest_route=\/wp\/v2\/posts\/7648\/revisions"}],"predecessor-version":[{"id":7653,"href":"http:\/\/www.demona.de\/blog\/index.php?rest_route=\/wp\/v2\/posts\/7648\/revisions\/7653"}],"wp:attachment":[{"href":"http:\/\/www.demona.de\/blog\/index.php?rest_route=%2Fwp%2Fv2%2Fmedia&parent=7648"}],"wp:term":[{"taxonomy":"category","embeddable":true,"href":"http:\/\/www.demona.de\/blog\/index.php?rest_route=%2Fwp%2Fv2%2Fcategories&post=7648"},{"taxonomy":"post_tag","embeddable":true,"href":"http:\/\/www.demona.de\/blog\/index.php?rest_route=%2Fwp%2Fv2%2Ftags&post=7648"}],"curies":[{"name":"wp","href":"https:\/\/api.w.org\/{rel}","templated":true}]}}