{"id":7450,"date":"2016-02-13T10:41:48","date_gmt":"2016-02-13T10:41:48","guid":{"rendered":"http:\/\/www.demona.de\/blog\/?p=7450"},"modified":"2016-08-10T10:34:58","modified_gmt":"2016-08-10T10:34:58","slug":"ich-lese-jetzt-162","status":"publish","type":"post","link":"http:\/\/www.demona.de\/blog\/?p=7450","title":{"rendered":"Ich lese gerade&#8230;"},"content":{"rendered":"<h3>Stefan Kirchhoff, <em>Streuner! <\/em><br \/>\n<em>Stra\u00dfenhunde in Europa<\/em><\/h3>\n<p><img loading=\"lazy\" decoding=\"async\" class=\"alignnone size-full wp-image-7451\" src=\"http:\/\/www.demona.de\/blog\/wp-content\/uploads\/2016\/05\/kirchhoff.jpg\" alt=\"kirchhoff\" width=\"238\" height=\"315\" srcset=\"http:\/\/www.demona.de\/blog\/wp-content\/uploads\/2016\/05\/kirchhoff.jpg 238w, http:\/\/www.demona.de\/blog\/wp-content\/uploads\/2016\/05\/kirchhoff-227x300.jpg 227w\" sizes=\"auto, (max-width: 238px) 100vw, 238px\" \/><\/p>\n<p>Der Auto war im vergangenen Jahr Referent bei den Wolfswinkeler Hundetagen und hatte mich mit seinem &#8222;Tourbericht&#8220; samt Wahnsinnsfotos und hochinteressanten Videos \u00fcber Stra\u00dfenhunde in Europa begeistert.<\/p>\n<p>Endlich finde ich die Zeit, mir dieses tolle und informative Buch in Ruhe zu Gem\u00fcte zu f\u00fchren.<\/p>\n","protected":false},"excerpt":{"rendered":"<p>Stefan Kirchhoff, Streuner! Stra\u00dfenhunde in Europa Der Auto war im vergangenen Jahr Referent bei den Wolfswinkeler Hundetagen und hatte mich mit seinem &#8222;Tourbericht&#8220; samt Wahnsinnsfotos und hochinteressanten Videos \u00fcber Stra\u00dfenhunde in Europa begeistert. Endlich finde ich die Zeit, mir dieses tolle und informative Buch in Ruhe zu Gem\u00fcte zu f\u00fchren.<\/p>\n","protected":false},"author":2,"featured_media":0,"comment_status":"open","ping_status":"closed","sticky":false,"template":"","format":"standard","meta":{"ngg_post_thumbnail":0,"footnotes":""},"categories":[12],"tags":[],"class_list":["post-7450","post","type-post","status-publish","format-standard","hentry","category-bucher"],"_links":{"self":[{"href":"http:\/\/www.demona.de\/blog\/index.php?rest_route=\/wp\/v2\/posts\/7450","targetHints":{"allow":["GET"]}}],"collection":[{"href":"http:\/\/www.demona.de\/blog\/index.php?rest_route=\/wp\/v2\/posts"}],"about":[{"href":"http:\/\/www.demona.de\/blog\/index.php?rest_route=\/wp\/v2\/types\/post"}],"author":[{"embeddable":true,"href":"http:\/\/www.demona.de\/blog\/index.php?rest_route=\/wp\/v2\/users\/2"}],"replies":[{"embeddable":true,"href":"http:\/\/www.demona.de\/blog\/index.php?rest_route=%2Fwp%2Fv2%2Fcomments&post=7450"}],"version-history":[{"count":3,"href":"http:\/\/www.demona.de\/blog\/index.php?rest_route=\/wp\/v2\/posts\/7450\/revisions"}],"predecessor-version":[{"id":7831,"href":"http:\/\/www.demona.de\/blog\/index.php?rest_route=\/wp\/v2\/posts\/7450\/revisions\/7831"}],"wp:attachment":[{"href":"http:\/\/www.demona.de\/blog\/index.php?rest_route=%2Fwp%2Fv2%2Fmedia&parent=7450"}],"wp:term":[{"taxonomy":"category","embeddable":true,"href":"http:\/\/www.demona.de\/blog\/index.php?rest_route=%2Fwp%2Fv2%2Fcategories&post=7450"},{"taxonomy":"post_tag","embeddable":true,"href":"http:\/\/www.demona.de\/blog\/index.php?rest_route=%2Fwp%2Fv2%2Ftags&post=7450"}],"curies":[{"name":"wp","href":"https:\/\/api.w.org\/{rel}","templated":true}]}}