{"id":7265,"date":"2015-10-29T11:47:03","date_gmt":"2015-10-29T11:47:03","guid":{"rendered":"http:\/\/www.demona.de\/blog\/?p=7265"},"modified":"2016-03-22T12:01:08","modified_gmt":"2016-03-22T12:01:08","slug":"modehunde","status":"publish","type":"post","link":"http:\/\/www.demona.de\/blog\/?p=7265","title":{"rendered":"Modehunde"},"content":{"rendered":"<p>Mittlerweile sieht man \u00fcberall Franz\u00f6sische Bulldoggen in allen Farben und Formen: sie sind halt leider zu klassischen Modehunden &#8222;verkommen&#8220;, die leider viel zu oft aus dubiosen Quellen kommen.<\/p>\n<p>Fast t\u00e4glich sehe ich in der Bonner Innenstadt diese Frenchies, aber auch auf unseren Spaierg\u00e4ngen begegnen wir ihnen immer \u00f6fter.<\/p>\n<p>Heute kam uns ein junges Paar mit einem FZB-Welpen entgegen&#8230; alle drei guckten interessiert bis freudig und h\u00e4tten nur allzu gerne Kontakt gemacht. Gl\u00fccklicherweise leinte man den kleinen St\u00f6psel aber an, bevor er zu uns hinstapfen konnte. Denn Vega kann Welpen ja nun leider so \u00fcberhaupt nicht leiden. *seufz*<\/p>\n<p>Die Entt\u00e4uschung stand zumindest dem jungen Mann deutlich ins Gesicht geschrieben, als er das\u00a0Hundekind an der langen Leine auf uns zulaufen lassen wollte und ich ihn stoppte. &#8222;\u00c4hm&#8230; keine gute Idee: die drei Gro\u00dfen sind im Team nicht nett&#8230;&#8220;<\/p>\n<p>Am &#8222;schlimmsten&#8220; war aber der schmachtende Blick aus Welpenaugen: der Kleine konnte es einfach nicht fassen, dass er nicht zu den anderen Hunden hindurfte.<br \/>\n<img loading=\"lazy\" decoding=\"async\" class=\"alignnone size-full wp-image-786\" src=\"http:\/\/www.demona.de\/blog\/wp-content\/uploads\/2011\/02\/d015.gif\" alt=\"traurig\" width=\"15\" height=\"17\" \/><br \/>\nBleibt nur zu hoffen, dass er sp\u00e4ter andere Artgenossen getroffen hat, die nett Kotankt gemacht haben!<\/p>\n<p>&nbsp;<\/p>\n<p>&nbsp;<\/p>\n","protected":false},"excerpt":{"rendered":"<p>Mittlerweile sieht man \u00fcberall Franz\u00f6sische Bulldoggen in allen Farben und Formen: sie sind halt leider zu klassischen Modehunden &#8222;verkommen&#8220;, die leider viel zu oft aus dubiosen Quellen kommen. Fast t\u00e4glich sehe ich in der Bonner Innenstadt diese Frenchies, aber auch auf unseren Spaierg\u00e4ngen begegnen wir ihnen immer \u00f6fter. Heute kam uns ein junges Paar mit [&hellip;]<\/p>\n","protected":false},"author":2,"featured_media":0,"comment_status":"open","ping_status":"closed","sticky":false,"template":"","format":"standard","meta":{"ngg_post_thumbnail":0,"footnotes":""},"categories":[5],"tags":[],"class_list":["post-7265","post","type-post","status-publish","format-standard","hentry","category-wauzis"],"_links":{"self":[{"href":"http:\/\/www.demona.de\/blog\/index.php?rest_route=\/wp\/v2\/posts\/7265","targetHints":{"allow":["GET"]}}],"collection":[{"href":"http:\/\/www.demona.de\/blog\/index.php?rest_route=\/wp\/v2\/posts"}],"about":[{"href":"http:\/\/www.demona.de\/blog\/index.php?rest_route=\/wp\/v2\/types\/post"}],"author":[{"embeddable":true,"href":"http:\/\/www.demona.de\/blog\/index.php?rest_route=\/wp\/v2\/users\/2"}],"replies":[{"embeddable":true,"href":"http:\/\/www.demona.de\/blog\/index.php?rest_route=%2Fwp%2Fv2%2Fcomments&post=7265"}],"version-history":[{"count":4,"href":"http:\/\/www.demona.de\/blog\/index.php?rest_route=\/wp\/v2\/posts\/7265\/revisions"}],"predecessor-version":[{"id":7269,"href":"http:\/\/www.demona.de\/blog\/index.php?rest_route=\/wp\/v2\/posts\/7265\/revisions\/7269"}],"wp:attachment":[{"href":"http:\/\/www.demona.de\/blog\/index.php?rest_route=%2Fwp%2Fv2%2Fmedia&parent=7265"}],"wp:term":[{"taxonomy":"category","embeddable":true,"href":"http:\/\/www.demona.de\/blog\/index.php?rest_route=%2Fwp%2Fv2%2Fcategories&post=7265"},{"taxonomy":"post_tag","embeddable":true,"href":"http:\/\/www.demona.de\/blog\/index.php?rest_route=%2Fwp%2Fv2%2Ftags&post=7265"}],"curies":[{"name":"wp","href":"https:\/\/api.w.org\/{rel}","templated":true}]}}