{"id":6587,"date":"2015-03-31T17:35:16","date_gmt":"2015-03-31T17:35:16","guid":{"rendered":"http:\/\/www.demona.de\/blog\/?p=6587"},"modified":"2015-07-08T07:45:14","modified_gmt":"2015-07-08T07:45:14","slug":"orkantief-niklas","status":"publish","type":"post","link":"http:\/\/www.demona.de\/blog\/?p=6587","title":{"rendered":"Orkantief &#8222;Niklas&#8220;"},"content":{"rendered":"<p>Der \u00fcber ganz Deutschland hinwegfegende Sturm hat NRW ganz besonders heftig getroffen: teilweise musste sogar der Bahnverkehr eingestellt werden, weil B\u00e4ume auf die Gleise st\u00fcrzten, und es\u00a0gab\u00a0auch im Auto und im \u00f6ffentlichen Nahverkehr kein sicheres Fortkommen.<\/p>\n<p>Gl\u00fccklicherweise sind unsere Wauzis gewitterfest und haben keine Angst, wenn es drau\u00dfen st\u00fcrmt, donnert und blitzt.<\/p>\n<p>Da sie aber jeden Tag raus und laufen m\u00fcssen, haben wir notgedrungen &#8222;Sturmpausen&#8220; daf\u00fcr genutzt&#8230; teilweise hatte ich aber wirklich Angst, dass es mir das Gremlinkind davonweht!<\/p>\n<p>Wir haben uns tunlichst von B\u00e4umen ferngehalten, was auch gut war, denn heute morgen h\u00f6rten wir pl\u00f6tzlich unterhalb des Dammes ein ohrenbet\u00e4ubendes Krachen: da ist dann wohl die n\u00e4chste Pappel runtergekommen&#8230;<\/p>\n","protected":false},"excerpt":{"rendered":"<p>Der \u00fcber ganz Deutschland hinwegfegende Sturm hat NRW ganz besonders heftig getroffen: teilweise musste sogar der Bahnverkehr eingestellt werden, weil B\u00e4ume auf die Gleise st\u00fcrzten, und es\u00a0gab\u00a0auch im Auto und im \u00f6ffentlichen Nahverkehr kein sicheres Fortkommen. Gl\u00fccklicherweise sind unsere Wauzis gewitterfest und haben keine Angst, wenn es drau\u00dfen st\u00fcrmt, donnert und blitzt. Da sie aber [&hellip;]<\/p>\n","protected":false},"author":2,"featured_media":0,"comment_status":"open","ping_status":"closed","sticky":false,"template":"","format":"standard","meta":{"ngg_post_thumbnail":0,"footnotes":""},"categories":[5],"tags":[],"class_list":["post-6587","post","type-post","status-publish","format-standard","hentry","category-wauzis"],"_links":{"self":[{"href":"http:\/\/www.demona.de\/blog\/index.php?rest_route=\/wp\/v2\/posts\/6587","targetHints":{"allow":["GET"]}}],"collection":[{"href":"http:\/\/www.demona.de\/blog\/index.php?rest_route=\/wp\/v2\/posts"}],"about":[{"href":"http:\/\/www.demona.de\/blog\/index.php?rest_route=\/wp\/v2\/types\/post"}],"author":[{"embeddable":true,"href":"http:\/\/www.demona.de\/blog\/index.php?rest_route=\/wp\/v2\/users\/2"}],"replies":[{"embeddable":true,"href":"http:\/\/www.demona.de\/blog\/index.php?rest_route=%2Fwp%2Fv2%2Fcomments&post=6587"}],"version-history":[{"count":1,"href":"http:\/\/www.demona.de\/blog\/index.php?rest_route=\/wp\/v2\/posts\/6587\/revisions"}],"predecessor-version":[{"id":6588,"href":"http:\/\/www.demona.de\/blog\/index.php?rest_route=\/wp\/v2\/posts\/6587\/revisions\/6588"}],"wp:attachment":[{"href":"http:\/\/www.demona.de\/blog\/index.php?rest_route=%2Fwp%2Fv2%2Fmedia&parent=6587"}],"wp:term":[{"taxonomy":"category","embeddable":true,"href":"http:\/\/www.demona.de\/blog\/index.php?rest_route=%2Fwp%2Fv2%2Fcategories&post=6587"},{"taxonomy":"post_tag","embeddable":true,"href":"http:\/\/www.demona.de\/blog\/index.php?rest_route=%2Fwp%2Fv2%2Ftags&post=6587"}],"curies":[{"name":"wp","href":"https:\/\/api.w.org\/{rel}","templated":true}]}}