{"id":6398,"date":"2015-02-25T11:40:55","date_gmt":"2015-02-25T11:40:55","guid":{"rendered":"http:\/\/www.demona.de\/blog\/?p=6398"},"modified":"2015-04-06T06:49:29","modified_gmt":"2015-04-06T06:49:29","slug":"vegas-wehe-pfote","status":"publish","type":"post","link":"http:\/\/www.demona.de\/blog\/?p=6398","title":{"rendered":"Vegas wehe Pfote"},"content":{"rendered":"<p>Trotz voll ausdosierter Schmerzmittel kann Vega vorne rechts kaum noch auftreten&#8230; was nicht wirklich wundert, weil die Pfote mittlerweile stark angeschwollen ist. Arme Maus.<br \/>\n<a href=\"http:\/\/www.demona.de\/blog\/wp-content\/uploads\/2011\/02\/d015.gif\"><img loading=\"lazy\" decoding=\"async\" class=\"alignnone size-full wp-image-786\" src=\"http:\/\/www.demona.de\/blog\/wp-content\/uploads\/2011\/02\/d015.gif\" alt=\"traurig\" width=\"15\" height=\"17\" \/><\/a><br \/>\nAlso ging es heute zur Tier\u00e4rztin, die die Pfote genauestens anschaute und abtastete, anfangs aber auch keinen offensichtlichen Grund f\u00fcr die Schwellung entdecken konnte. Schlie\u00dflich nahm sie die Pfote hoch, schnupperte daran, stutzte&#8230;. kratzte mit einem Fingernagel direkt am \u00dcbergang zwischen Kralle und Haut&#8230;. und schon kam Eiter raus!<\/p>\n<p>Wie auch immer Vega das geschafft hat: sie hat sich eine fette Krallenbettinfektion mit Abszess zugezogen.<\/p>\n<p>Wir wechseln nun die Schmerzmittel, hauen Antibiotika rein und machen t\u00e4glich Kernseifen-Pfotenb\u00e4der.\u00a0Sollte es damit nicht innerhalb relativ kurzer Zeit erheblich besser werden, m\u00fcssen wir Ursachenforschung betreiben.<\/p>\n","protected":false},"excerpt":{"rendered":"<p>Trotz voll ausdosierter Schmerzmittel kann Vega vorne rechts kaum noch auftreten&#8230; was nicht wirklich wundert, weil die Pfote mittlerweile stark angeschwollen ist. Arme Maus. Also ging es heute zur Tier\u00e4rztin, die die Pfote genauestens anschaute und abtastete, anfangs aber auch keinen offensichtlichen Grund f\u00fcr die Schwellung entdecken konnte. Schlie\u00dflich nahm sie die Pfote hoch, schnupperte [&hellip;]<\/p>\n","protected":false},"author":2,"featured_media":0,"comment_status":"open","ping_status":"closed","sticky":false,"template":"","format":"standard","meta":{"ngg_post_thumbnail":0,"footnotes":""},"categories":[5],"tags":[],"class_list":["post-6398","post","type-post","status-publish","format-standard","hentry","category-wauzis"],"_links":{"self":[{"href":"http:\/\/www.demona.de\/blog\/index.php?rest_route=\/wp\/v2\/posts\/6398","targetHints":{"allow":["GET"]}}],"collection":[{"href":"http:\/\/www.demona.de\/blog\/index.php?rest_route=\/wp\/v2\/posts"}],"about":[{"href":"http:\/\/www.demona.de\/blog\/index.php?rest_route=\/wp\/v2\/types\/post"}],"author":[{"embeddable":true,"href":"http:\/\/www.demona.de\/blog\/index.php?rest_route=\/wp\/v2\/users\/2"}],"replies":[{"embeddable":true,"href":"http:\/\/www.demona.de\/blog\/index.php?rest_route=%2Fwp%2Fv2%2Fcomments&post=6398"}],"version-history":[{"count":1,"href":"http:\/\/www.demona.de\/blog\/index.php?rest_route=\/wp\/v2\/posts\/6398\/revisions"}],"predecessor-version":[{"id":6399,"href":"http:\/\/www.demona.de\/blog\/index.php?rest_route=\/wp\/v2\/posts\/6398\/revisions\/6399"}],"wp:attachment":[{"href":"http:\/\/www.demona.de\/blog\/index.php?rest_route=%2Fwp%2Fv2%2Fmedia&parent=6398"}],"wp:term":[{"taxonomy":"category","embeddable":true,"href":"http:\/\/www.demona.de\/blog\/index.php?rest_route=%2Fwp%2Fv2%2Fcategories&post=6398"},{"taxonomy":"post_tag","embeddable":true,"href":"http:\/\/www.demona.de\/blog\/index.php?rest_route=%2Fwp%2Fv2%2Ftags&post=6398"}],"curies":[{"name":"wp","href":"https:\/\/api.w.org\/{rel}","templated":true}]}}