{"id":6395,"date":"2015-02-22T16:24:14","date_gmt":"2015-02-22T16:24:14","guid":{"rendered":"http:\/\/www.demona.de\/blog\/?p=6395"},"modified":"2015-04-05T06:41:59","modified_gmt":"2015-04-05T06:41:59","slug":"1-training-2015","status":"publish","type":"post","link":"http:\/\/www.demona.de\/blog\/?p=6395","title":{"rendered":"1. Training 2015"},"content":{"rendered":"<p>Nach einer l\u00e4ngeren Winterpause ging es heute endlich wieder zum Mantrailing!<\/p>\n<p>Nat\u00fcrlich blieb es nicht beim reinen Training, denn es gab erst mal viel zu quatschen und zu lachen, es wurden Geschenke ausgetauscht und die Hunde mussten geknuddelt und geherzt werden.<br \/>\n<a href=\"http:\/\/www.demona.de\/blog\/wp-content\/uploads\/2011\/01\/80.gif\"><img loading=\"lazy\" decoding=\"async\" class=\"alignnone size-full wp-image-759\" src=\"http:\/\/www.demona.de\/blog\/wp-content\/uploads\/2011\/01\/80.gif\" alt=\"zwinker\" width=\"15\" height=\"15\" \/><\/a><br \/>\nAu\u00dferdem war ein neues Team mit dabei: eine sehr nette Fila-Halterin, die nun auch einen Bloodhound hat und f\u00fcr ihre 16 Monate alte H\u00fcndin eine zus\u00e4tzliche Besch\u00e4ftigung ohne Leistungsdruck sucht&#8230;womit sie bei uns nat\u00fcrlich genau richtig ist!<\/p>\n<p>Sophie ist eine entz\u00fcckende H\u00fcndin, super sanft und anschmiegsam, total vertr\u00e4glich&#8230;und seeeehr m\u00e4kelig. Da m\u00fcssen wir echt noch gucken, ob wir \u00fcberhaupt mit\u00a0einer Futterbelohnung arbeiten sollen oder doch lieber mit Spielzeug.<\/p>\n<p>Matilda hat sich echt daneben benommen: ihr gingen die vorsichtigen und sanften Pf\u00f6tel-Spielaufforderungen Sophies irgendwann so auf den Zeiger, dass sie sich auf die Hinterbeine stellte, der Gro\u00dfen die Vorderpfoten um den Hals legte&#8230;und drohend BRUMMTE.<br \/>\n<a href=\"http:\/\/www.demona.de\/blog\/wp-content\/uploads\/2010\/10\/s030.gif\"><img loading=\"lazy\" decoding=\"async\" class=\"alignnone size-full wp-image-418\" src=\"http:\/\/www.demona.de\/blog\/wp-content\/uploads\/2010\/10\/s030.gif\" alt=\"schreck\" width=\"19\" height=\"25\" \/><\/a><br \/>\nUnd um die Blamage komplett zu machen, passte der kleine Dickmops nicht mehr in seine Trailweste&#8230; wir bekamen den Klettverschluss mit M\u00fche und Not am Rand befestigt, doch sobald der Gremlin sich in Bewegung setzte, flatterte die Weste wie ein Superheldencape hinter ihr her!<\/p>\n<p>Bein den n\u00e4chsten Trails haben wir dann ausnahmsweise ganz auf die Weste verzichtet. Mal gucken, ob ihr Herrchen da noch was zurechtn\u00e4hen kann&#8230;<\/p>\n<p><iframe loading=\"lazy\"  id=\"_ytid_22942\"  width=\"645\" height=\"363\"  data-origwidth=\"645\" data-origheight=\"363\" src=\"https:\/\/www.youtube.com\/embed\/2WxW8IWLI1M?enablejsapi=1&#038;autoplay=0&#038;cc_load_policy=0&#038;cc_lang_pref=&#038;iv_load_policy=1&#038;loop=0&#038;rel=1&#038;fs=1&#038;playsinline=0&#038;autohide=2&#038;theme=dark&#038;color=red&#038;controls=1&#038;disablekb=0&#038;\" class=\"__youtube_prefs__  epyt-is-override  no-lazyload\" title=\"YouTube player\"  allow=\"fullscreen; accelerometer; autoplay; clipboard-write; encrypted-media; gyroscope; picture-in-picture; web-share\" referrerpolicy=\"strict-origin-when-cross-origin\" allowfullscreen data-no-lazy=\"1\" data-skipgform_ajax_framebjll=\"\"><\/iframe><\/p>\n","protected":false},"excerpt":{"rendered":"<p>Nach einer l\u00e4ngeren Winterpause ging es heute endlich wieder zum Mantrailing! Nat\u00fcrlich blieb es nicht beim reinen Training, denn es gab erst mal viel zu quatschen und zu lachen, es wurden Geschenke ausgetauscht und die Hunde mussten geknuddelt und geherzt werden. Au\u00dferdem war ein neues Team mit dabei: eine sehr nette Fila-Halterin, die nun auch [&hellip;]<\/p>\n","protected":false},"author":2,"featured_media":0,"comment_status":"open","ping_status":"closed","sticky":false,"template":"","format":"standard","meta":{"ngg_post_thumbnail":0,"footnotes":""},"categories":[4],"tags":[],"class_list":["post-6395","post","type-post","status-publish","format-standard","hentry","category-mantrailing"],"_links":{"self":[{"href":"http:\/\/www.demona.de\/blog\/index.php?rest_route=\/wp\/v2\/posts\/6395","targetHints":{"allow":["GET"]}}],"collection":[{"href":"http:\/\/www.demona.de\/blog\/index.php?rest_route=\/wp\/v2\/posts"}],"about":[{"href":"http:\/\/www.demona.de\/blog\/index.php?rest_route=\/wp\/v2\/types\/post"}],"author":[{"embeddable":true,"href":"http:\/\/www.demona.de\/blog\/index.php?rest_route=\/wp\/v2\/users\/2"}],"replies":[{"embeddable":true,"href":"http:\/\/www.demona.de\/blog\/index.php?rest_route=%2Fwp%2Fv2%2Fcomments&post=6395"}],"version-history":[{"count":2,"href":"http:\/\/www.demona.de\/blog\/index.php?rest_route=\/wp\/v2\/posts\/6395\/revisions"}],"predecessor-version":[{"id":6397,"href":"http:\/\/www.demona.de\/blog\/index.php?rest_route=\/wp\/v2\/posts\/6395\/revisions\/6397"}],"wp:attachment":[{"href":"http:\/\/www.demona.de\/blog\/index.php?rest_route=%2Fwp%2Fv2%2Fmedia&parent=6395"}],"wp:term":[{"taxonomy":"category","embeddable":true,"href":"http:\/\/www.demona.de\/blog\/index.php?rest_route=%2Fwp%2Fv2%2Fcategories&post=6395"},{"taxonomy":"post_tag","embeddable":true,"href":"http:\/\/www.demona.de\/blog\/index.php?rest_route=%2Fwp%2Fv2%2Ftags&post=6395"}],"curies":[{"name":"wp","href":"https:\/\/api.w.org\/{rel}","templated":true}]}}