{"id":6388,"date":"2015-02-21T19:39:01","date_gmt":"2015-02-21T19:39:01","guid":{"rendered":"http:\/\/www.demona.de\/blog\/?p=6388"},"modified":"2015-04-03T19:57:08","modified_gmt":"2015-04-03T19:57:08","slug":"ruhe-sanft-kleine-crissie","status":"publish","type":"post","link":"http:\/\/www.demona.de\/blog\/?p=6388","title":{"rendered":"Ruhe sanft, kleine Crissie"},"content":{"rendered":"<p>Im Alter von 13 Jahren ist diese kleine Maus zur Regenbogenbr\u00fccke vorausgelaufen.<\/p>\n<p>Im November war Crissie noch wegen eines b\u00f6sartigen Hauttumors operiert worden,\u00a0der leider relativ schnell rezidivierte&#8230; nun kam noch ein inoperabler Bandscheibenvorfall mit Querschnittsl\u00e4hmung hinzu&#8230;und es ging rapide bergab, so dass die Maus heute erl\u00f6st werden musste.<\/p>\n<p><a href=\"http:\/\/www.demona.de\/blog\/wp-content\/uploads\/2015\/04\/crissie_rip.png\"><img loading=\"lazy\" decoding=\"async\" class=\"alignnone size-full wp-image-6389\" src=\"http:\/\/www.demona.de\/blog\/wp-content\/uploads\/2015\/04\/crissie_rip.png\" alt=\"crissie_rip\" width=\"450\" height=\"299\" srcset=\"http:\/\/www.demona.de\/blog\/wp-content\/uploads\/2015\/04\/crissie_rip.png 450w, http:\/\/www.demona.de\/blog\/wp-content\/uploads\/2015\/04\/crissie_rip-300x199.png 300w\" sizes=\"auto, (max-width: 450px) 100vw, 450px\" \/><\/a><\/p>\n<p>Crissie war ein kesses kleines M\u00e4dchen mit dem typischen Dickkopf einer Dackeline und hatte in ihrer Retriever-Gang selbstverst\u00e4ndlich das Sagen.<br \/>\n<a href=\"http:\/\/www.demona.de\/blog\/wp-content\/uploads\/2011\/01\/80.gif\"><img loading=\"lazy\" decoding=\"async\" class=\"alignnone size-full wp-image-759\" src=\"http:\/\/www.demona.de\/blog\/wp-content\/uploads\/2011\/01\/80.gif\" alt=\"zwinker\" width=\"15\" height=\"15\" \/><\/a><br \/>\nAuch wenn ihr Frauchen in den letzten Jahren aus beruflichen Gr\u00fcnden nicht mehr zu den Wolfswinkeler Hundetagen kommen konnte, sind wir doch immer in Kontakt geblieben und ich werde Crissie immer in sch\u00f6ner Erinnerung behalten!<\/p>\n","protected":false},"excerpt":{"rendered":"<p>Im Alter von 13 Jahren ist diese kleine Maus zur Regenbogenbr\u00fccke vorausgelaufen. Im November war Crissie noch wegen eines b\u00f6sartigen Hauttumors operiert worden,\u00a0der leider relativ schnell rezidivierte&#8230; nun kam noch ein inoperabler Bandscheibenvorfall mit Querschnittsl\u00e4hmung hinzu&#8230;und es ging rapide bergab, so dass die Maus heute erl\u00f6st werden musste. Crissie war ein kesses kleines M\u00e4dchen mit [&hellip;]<\/p>\n","protected":false},"author":2,"featured_media":0,"comment_status":"open","ping_status":"closed","sticky":false,"template":"","format":"standard","meta":{"ngg_post_thumbnail":0,"footnotes":""},"categories":[8],"tags":[],"class_list":["post-6388","post","type-post","status-publish","format-standard","hentry","category-regenbogenbrucke"],"_links":{"self":[{"href":"http:\/\/www.demona.de\/blog\/index.php?rest_route=\/wp\/v2\/posts\/6388","targetHints":{"allow":["GET"]}}],"collection":[{"href":"http:\/\/www.demona.de\/blog\/index.php?rest_route=\/wp\/v2\/posts"}],"about":[{"href":"http:\/\/www.demona.de\/blog\/index.php?rest_route=\/wp\/v2\/types\/post"}],"author":[{"embeddable":true,"href":"http:\/\/www.demona.de\/blog\/index.php?rest_route=\/wp\/v2\/users\/2"}],"replies":[{"embeddable":true,"href":"http:\/\/www.demona.de\/blog\/index.php?rest_route=%2Fwp%2Fv2%2Fcomments&post=6388"}],"version-history":[{"count":3,"href":"http:\/\/www.demona.de\/blog\/index.php?rest_route=\/wp\/v2\/posts\/6388\/revisions"}],"predecessor-version":[{"id":6392,"href":"http:\/\/www.demona.de\/blog\/index.php?rest_route=\/wp\/v2\/posts\/6388\/revisions\/6392"}],"wp:attachment":[{"href":"http:\/\/www.demona.de\/blog\/index.php?rest_route=%2Fwp%2Fv2%2Fmedia&parent=6388"}],"wp:term":[{"taxonomy":"category","embeddable":true,"href":"http:\/\/www.demona.de\/blog\/index.php?rest_route=%2Fwp%2Fv2%2Fcategories&post=6388"},{"taxonomy":"post_tag","embeddable":true,"href":"http:\/\/www.demona.de\/blog\/index.php?rest_route=%2Fwp%2Fv2%2Ftags&post=6388"}],"curies":[{"name":"wp","href":"https:\/\/api.w.org\/{rel}","templated":true}]}}