{"id":5497,"date":"2014-07-19T03:55:11","date_gmt":"2014-07-19T03:55:11","guid":{"rendered":"http:\/\/www.demona.de\/blog\/?p=5497"},"modified":"2014-08-22T10:01:40","modified_gmt":"2014-08-22T10:01:40","slug":"leute-gibts-4","status":"publish","type":"post","link":"http:\/\/www.demona.de\/blog\/?p=5497","title":{"rendered":"Leute gibt&#8217;s!"},"content":{"rendered":"<p>Leider m\u00fcssen wir uns immer mal wieder mit Leuten auseinandersetzen, die \u00a0super klingen und angeblich total erfahren sind&#8230;um dann festzustellen, dass man auf Blender reingefallen ist.<br \/>\n<a href=\"http:\/\/www.demona.de\/blog\/wp-content\/uploads\/2011\/02\/d015.gif\"><img loading=\"lazy\" decoding=\"async\" class=\"alignnone size-full wp-image-786\" src=\"http:\/\/www.demona.de\/blog\/wp-content\/uploads\/2011\/02\/d015.gif\" alt=\"traurig\" width=\"15\" height=\"17\" \/><\/a><\/p>\n<p>Kleines Beispiel gef\u00e4llig?<\/p>\n<p>Ein v\u00f6llig friedfertiger und s\u00fc\u00dfer kleiner Mastino, der ein gutes Jahr in einer Pflegestelle lebte und sich total problemlos zeigte, wurde \u00fcber uns an einen rasse-erfahrenen Mann vermittelt. Er fuhr daf\u00fcr extra an einem Wochenende von Baden-W\u00fcrttemberg an die Ostsee, lernte den Hund in aller Ruhe kennen und nahm ihn dann mit heim.<\/p>\n<p>Nach einem Tag wollte der Typ ihn wieder loswerden, weil der Hund ihn angeblich angegriffen habe. Er sei zwar nichts passiert, aber er habe bei ihm nun verloren. Das Verhalten des Hundes sei sicherheitsrelevant und er k\u00f6nne und wolle ihn nicht behalten. Denn so einen Hund k\u00f6nne er ja auch nicht weiter medizinisch versorgen (der Mastino hat eine Kunstlinse und ben\u00f6tigt jeden Tag Tropfen, um das Auge nicht zu verlieren).<\/p>\n<p>Nun konnte er ihn aber nicht zur\u00fcckbringen (900 km), weil er arbeiten m\u00fcsse (uns hatte er gesagt, er habe Urlaub) und kein Geld habe. Er w\u00fcrde ihn also in ein Tierheim bringen, bis wir ihn selber dort abholen. Dabei hatten wir mehrfach betont, dass er nicht die ganze Strecke fahren musste&#8230; er solle uns aber zumindest 300 km entgegenkommen, wir w\u00fcrden die restliche Strecke \u00fcbernehmen.<\/p>\n<p>Nach einigem Hin und her willigte er ein, den Hund bis Frankfurt zu bringen (nicht nach K\u00f6ln&#8230;wie von uns vorgeschlagen), doch dann versetzte er meine Kollegin.<\/p>\n<p>Dann ergab sich zuf\u00e4lligerweise die M\u00f6glichkeit, dass jemand direkt bei dem Mann zuhause vorbeifahren, den R\u00fcden abholen und bis zur alten Pflegestelle h\u00e4tte\u00a0fahren\u00a0k\u00f6nnen. Das wollte der Mann aber nicht. Er verstehe unsere Aufregung nicht: er h\u00e4tte halt \u00fcberreagiert und wolle den Hund doch lieber behalten.<\/p>\n<p>\u00d6hm&#8230; NEIN&#8230;. der Hund (der laut Vertrag immer noch unser Eigentum ist) sollte gef\u00e4lligst zur\u00fcck in seine PS!<\/p>\n<p>Nachdem wir dann mit Polizei und Anwalt drohen mussten, erkl\u00e4rte man sich dann doch bereit, den Hund wieder rauszur\u00fccken.<\/p>\n<p>Astrid ist daher gestern von Osnabr\u00fcck nach Fankfurt runter und hat dank einem Stau nach dem anderen f\u00fcr die Strecke 5,5 Stunden gebraucht! Da der Typ in seinen SMS zunehmend &#8222;komischer&#8220; wurde und die \u00dcbergabe durch seine Verz\u00f6gerungstaktik nachts auf einem dunklen Parkplatz stattfinden musste, wurde mir immer mulmiger&#8230; also habe ich mich (obwohl immer noch erk\u00e4ltet und total heiser) ins Auto geschwungen und bin als Unterst\u00fctzung hinterhergefahren.<\/p>\n<p>War auch gut so: die waren zu zweit und haben versucht, (verbal) Stress zu machen.\u00a0Aber Astrid und ich sind ein gutes Team&#8230;. die haben wir ganz schnell in ihre Schranken verwiesen.<br \/>\n<a href=\"http:\/\/www.demona.de\/blog\/wp-content\/uploads\/2011\/01\/80.gif\"><img loading=\"lazy\" decoding=\"async\" class=\"alignnone size-full wp-image-759\" src=\"http:\/\/www.demona.de\/blog\/wp-content\/uploads\/2011\/01\/80.gif\" alt=\"zwinker\" width=\"15\" height=\"15\" \/><br \/>\n<\/a>Wir haben dem S\u00fc\u00dfen dann noch zu trinken und zu fressen gegeben und sind dann mit den Hunden (ich hatte Matilda dabei) erstmal eine &#8222;sch\u00f6ne&#8220; Runde spazierengegangen, bevor wir uns alle wieder auf dem Heimweg gemacht haben.<\/p>\n<p>Hier sieht man den Erstkontakt der beiden Wauzis auf dem dunklen Parkplatz kurz vor Mitternacht:<\/p>\n<p><iframe loading=\"lazy\"  id=\"_ytid_22823\"  width=\"645\" height=\"363\"  data-origwidth=\"645\" data-origheight=\"363\" src=\"https:\/\/www.youtube.com\/embed\/XueguiDJP14?enablejsapi=1&#038;autoplay=0&#038;cc_load_policy=0&#038;cc_lang_pref=&#038;iv_load_policy=1&#038;loop=0&#038;rel=1&#038;fs=1&#038;playsinline=0&#038;autohide=2&#038;theme=dark&#038;color=red&#038;controls=1&#038;disablekb=0&#038;\" class=\"__youtube_prefs__  epyt-is-override  no-lazyload\" title=\"YouTube player\"  allow=\"fullscreen; accelerometer; autoplay; clipboard-write; encrypted-media; gyroscope; picture-in-picture; web-share\" referrerpolicy=\"strict-origin-when-cross-origin\" allowfullscreen data-no-lazy=\"1\" data-skipgform_ajax_framebjll=\"\"><\/iframe><\/p>\n<p>By the way: Ich war wenigstens heute morgen gegen 2.00 Uhr daheim&#8230;. Astrid war erst um 4.00 Uhr zuhause, um sich dann im Laufe des Tages wieder ins Auto zu setzen und nach L\u00fcbeck hochzufahren, wo sie den S\u00fc\u00dfen seinem Pflegefrauchen \u00fcbergeben kann, die nur noch froh ist, ihn wieder &#8222;heim&#8220;fahren zu k\u00f6nnen.<\/p>\n","protected":false},"excerpt":{"rendered":"<p>Leider m\u00fcssen wir uns immer mal wieder mit Leuten auseinandersetzen, die \u00a0super klingen und angeblich total erfahren sind&#8230;um dann festzustellen, dass man auf Blender reingefallen ist. Kleines Beispiel gef\u00e4llig? Ein v\u00f6llig friedfertiger und s\u00fc\u00dfer kleiner Mastino, der ein gutes Jahr in einer Pflegestelle lebte und sich total problemlos zeigte, wurde \u00fcber uns an einen rasse-erfahrenen [&hellip;]<\/p>\n","protected":false},"author":2,"featured_media":0,"comment_status":"open","ping_status":"closed","sticky":false,"template":"","format":"standard","meta":{"ngg_post_thumbnail":0,"footnotes":""},"categories":[7],"tags":[],"class_list":["post-5497","post","type-post","status-publish","format-standard","hentry","category-tierschutz"],"_links":{"self":[{"href":"http:\/\/www.demona.de\/blog\/index.php?rest_route=\/wp\/v2\/posts\/5497","targetHints":{"allow":["GET"]}}],"collection":[{"href":"http:\/\/www.demona.de\/blog\/index.php?rest_route=\/wp\/v2\/posts"}],"about":[{"href":"http:\/\/www.demona.de\/blog\/index.php?rest_route=\/wp\/v2\/types\/post"}],"author":[{"embeddable":true,"href":"http:\/\/www.demona.de\/blog\/index.php?rest_route=\/wp\/v2\/users\/2"}],"replies":[{"embeddable":true,"href":"http:\/\/www.demona.de\/blog\/index.php?rest_route=%2Fwp%2Fv2%2Fcomments&post=5497"}],"version-history":[{"count":5,"href":"http:\/\/www.demona.de\/blog\/index.php?rest_route=\/wp\/v2\/posts\/5497\/revisions"}],"predecessor-version":[{"id":5502,"href":"http:\/\/www.demona.de\/blog\/index.php?rest_route=\/wp\/v2\/posts\/5497\/revisions\/5502"}],"wp:attachment":[{"href":"http:\/\/www.demona.de\/blog\/index.php?rest_route=%2Fwp%2Fv2%2Fmedia&parent=5497"}],"wp:term":[{"taxonomy":"category","embeddable":true,"href":"http:\/\/www.demona.de\/blog\/index.php?rest_route=%2Fwp%2Fv2%2Fcategories&post=5497"},{"taxonomy":"post_tag","embeddable":true,"href":"http:\/\/www.demona.de\/blog\/index.php?rest_route=%2Fwp%2Fv2%2Ftags&post=5497"}],"curies":[{"name":"wp","href":"https:\/\/api.w.org\/{rel}","templated":true}]}}