{"id":5443,"date":"2014-07-05T16:44:36","date_gmt":"2014-07-05T16:44:36","guid":{"rendered":"http:\/\/www.demona.de\/blog\/?p=5443"},"modified":"2016-08-29T16:16:57","modified_gmt":"2016-08-29T16:16:57","slug":"ich-lese-jetzt-90","status":"publish","type":"post","link":"http:\/\/www.demona.de\/blog\/?p=5443","title":{"rendered":"Ich lese gerade&#8230;."},"content":{"rendered":"<h3>Elmar Schnitzer, <em>Kalle f\u00fcr alle<\/em><\/h3>\n<p><a href=\"http:\/\/www.demona.de\/blog\/wp-content\/uploads\/2014\/08\/schnitzer.jpg\"><img loading=\"lazy\" decoding=\"async\" class=\"alignnone size-full wp-image-5444\" src=\"http:\/\/www.demona.de\/blog\/wp-content\/uploads\/2014\/08\/schnitzer.jpg\" alt=\"schnitzer\" width=\"192\" height=\"315\" srcset=\"http:\/\/www.demona.de\/blog\/wp-content\/uploads\/2014\/08\/schnitzer.jpg 192w, http:\/\/www.demona.de\/blog\/wp-content\/uploads\/2014\/08\/schnitzer-182x300.jpg 182w\" sizes=\"auto, (max-width: 192px) 100vw, 192px\" \/><br \/>\n<\/a><\/p>\n<p>Mal was Leichtes und Humorvolles f\u00fcr zwischendurch. Und da nicht nur ein Rottweiler auf dem Cover zu sehen ist, sondern der Protagonist auch tats\u00e4chlich ein Rotti ist, bin ich nat\u00fcrlich positiv voreingenommen.<br \/>\n<a href=\"http:\/\/www.demona.de\/blog\/wp-content\/uploads\/2011\/01\/80.gif\"><img loading=\"lazy\" decoding=\"async\" class=\"alignnone size-full wp-image-759\" src=\"http:\/\/www.demona.de\/blog\/wp-content\/uploads\/2011\/01\/80.gif\" alt=\"zwinker\" width=\"15\" height=\"15\" \/><\/a><\/p>\n","protected":false},"excerpt":{"rendered":"<p>Elmar Schnitzer, Kalle f\u00fcr alle Mal was Leichtes und Humorvolles f\u00fcr zwischendurch. Und da nicht nur ein Rottweiler auf dem Cover zu sehen ist, sondern der Protagonist auch tats\u00e4chlich ein Rotti ist, bin ich nat\u00fcrlich positiv voreingenommen.<\/p>\n","protected":false},"author":2,"featured_media":0,"comment_status":"open","ping_status":"closed","sticky":false,"template":"","format":"standard","meta":{"ngg_post_thumbnail":0,"footnotes":""},"categories":[12],"tags":[],"class_list":["post-5443","post","type-post","status-publish","format-standard","hentry","category-bucher"],"_links":{"self":[{"href":"http:\/\/www.demona.de\/blog\/index.php?rest_route=\/wp\/v2\/posts\/5443","targetHints":{"allow":["GET"]}}],"collection":[{"href":"http:\/\/www.demona.de\/blog\/index.php?rest_route=\/wp\/v2\/posts"}],"about":[{"href":"http:\/\/www.demona.de\/blog\/index.php?rest_route=\/wp\/v2\/types\/post"}],"author":[{"embeddable":true,"href":"http:\/\/www.demona.de\/blog\/index.php?rest_route=\/wp\/v2\/users\/2"}],"replies":[{"embeddable":true,"href":"http:\/\/www.demona.de\/blog\/index.php?rest_route=%2Fwp%2Fv2%2Fcomments&post=5443"}],"version-history":[{"count":4,"href":"http:\/\/www.demona.de\/blog\/index.php?rest_route=\/wp\/v2\/posts\/5443\/revisions"}],"predecessor-version":[{"id":7880,"href":"http:\/\/www.demona.de\/blog\/index.php?rest_route=\/wp\/v2\/posts\/5443\/revisions\/7880"}],"wp:attachment":[{"href":"http:\/\/www.demona.de\/blog\/index.php?rest_route=%2Fwp%2Fv2%2Fmedia&parent=5443"}],"wp:term":[{"taxonomy":"category","embeddable":true,"href":"http:\/\/www.demona.de\/blog\/index.php?rest_route=%2Fwp%2Fv2%2Fcategories&post=5443"},{"taxonomy":"post_tag","embeddable":true,"href":"http:\/\/www.demona.de\/blog\/index.php?rest_route=%2Fwp%2Fv2%2Ftags&post=5443"}],"curies":[{"name":"wp","href":"https:\/\/api.w.org\/{rel}","templated":true}]}}