{"id":4888,"date":"2014-03-22T12:29:16","date_gmt":"2014-03-22T12:29:16","guid":{"rendered":"http:\/\/www.demona.de\/blog\/?p=4888"},"modified":"2014-05-07T12:32:51","modified_gmt":"2014-05-07T12:32:51","slug":"rauswurf-aus-der-welpengruppe","status":"publish","type":"post","link":"http:\/\/www.demona.de\/blog\/?p=4888","title":{"rendered":"Rauswurf aus der Welpengruppe"},"content":{"rendered":"<p>Bin sooooooo sauer!<br \/>\n<a href=\"http:\/\/www.demona.de\/blog\/wp-content\/uploads\/2010\/09\/a025.gif\"><img loading=\"lazy\" decoding=\"async\" class=\"alignnone size-full wp-image-295\" alt=\"motz\" src=\"http:\/\/www.demona.de\/blog\/wp-content\/uploads\/2010\/09\/a025.gif\" width=\"31\" height=\"20\" \/><\/a><br \/>\n<span style=\"line-height: 1.5em;\">Heute waren wir zum dritten Mal in einem Verein hier in der N\u00e4he. Die\u00a0<\/span>Trainerin hat die Welpengruppe auch bisher immer ganz nett gemacht. Gruppen passend nach Alter, Gr\u00f6\u00dfe und Selbstbewusstsein zusammengestellt. Freies Spiel und dann spielerische \u00dcbungseinheiten. Anschlie\u00dfend folgte immer eine Nachbesprechung. Die ist zwar eigentlich nur f\u00fcr Ersthundehalter interessant, aber ich bin dann trotzdem immer brav dageblieben.<\/p>\n<p>Tja&#8230; das h\u00e4tte ich mir heute besser geschenkt. Denn nach der heutigen Nachbesprechung bin ich rausgeflogen.<\/p>\n<p><span style=\"line-height: 1.5em;\">Eine Co-Trainerin meinte n\u00e4mlich, dem dauerkl\u00e4ffenden Mopswelpen, der angeblich so &#8222;anti&#8220; war, den Marsch blasen zu m\u00fcssen. Griff in den Nacken, zu Boden dr\u00fccken und das \u00a0Ganze durchziehen, bis er aufgibt. Der Mops kreischte und schrie wie am Spie\u00df. Suchte Hilfe bei seinem Frauchen und bekam die nicht.<\/span><\/p>\n<p>Klar, dass ich meine Klappe nicht halten konnte. Und als mir die bl\u00f6de Tuse noch mit einem L\u00e4cheln sagte, das sei noch gar nichts, da k\u00f6nne man noch einiges oben draufsetzen, war&#8217;s um meine Selbstbeherrschung komplett geschehen.<\/p>\n<p>Tja&#8230;und nachdem ich noch &#8211; nach einigem anderen &#8211; gesagt habe, dass jeder, der so mit einem meiner Hunde umgehen w\u00fcrde, die Faust im Gesicht h\u00e4tte, hie\u00df es, dass wir dann wohl zu unterschiedliche Auffassungen h\u00e4tten. Man hat mir den Rest meiner Zehnerkarte ausbezahlt und das war&#8217;s.<\/p>\n<p>Nett fand ich, dass der Enkelsohn (ca. 10) einer Welpenbesitzerin anschlie\u00dfend zu mir kam und meinte, ich h\u00e4tte vollkommen recht&#8230; so k\u00f6nne man doch nicht mit einem Hund umgehen&#8230; und dass er ganz genau gesehen h\u00e4tte, was die Frau mit dem armen Hund getan hat&#8230; und er hat mir gew\u00fcnscht, dass ich f\u00fcr Matilda eine sch\u00f6ne Gruppe finde, wo sie in Zukunft spielen k\u00f6nne.<\/p>\n<p>Wenigsten scheint EINER was aus dieser unerfreulichen Aktion mitgenommen zu haben.<br \/>\n<a href=\"http:\/\/www.demona.de\/blog\/wp-content\/uploads\/2011\/03\/g010.gif\"><img loading=\"lazy\" decoding=\"async\" class=\"alignnone size-full wp-image-878\" alt=\"b\u00f6se\" src=\"http:\/\/www.demona.de\/blog\/wp-content\/uploads\/2011\/03\/g010.gif\" width=\"15\" height=\"17\" \/><\/a><\/p>\n","protected":false},"excerpt":{"rendered":"<p>Bin sooooooo sauer! Heute waren wir zum dritten Mal in einem Verein hier in der N\u00e4he. Die\u00a0Trainerin hat die Welpengruppe auch bisher immer ganz nett gemacht. Gruppen passend nach Alter, Gr\u00f6\u00dfe und Selbstbewusstsein zusammengestellt. Freies Spiel und dann spielerische \u00dcbungseinheiten. Anschlie\u00dfend folgte immer eine Nachbesprechung. Die ist zwar eigentlich nur f\u00fcr Ersthundehalter interessant, aber ich [&hellip;]<\/p>\n","protected":false},"author":2,"featured_media":0,"comment_status":"open","ping_status":"closed","sticky":false,"template":"","format":"standard","meta":{"ngg_post_thumbnail":0,"footnotes":""},"categories":[5],"tags":[],"class_list":["post-4888","post","type-post","status-publish","format-standard","hentry","category-wauzis"],"_links":{"self":[{"href":"http:\/\/www.demona.de\/blog\/index.php?rest_route=\/wp\/v2\/posts\/4888","targetHints":{"allow":["GET"]}}],"collection":[{"href":"http:\/\/www.demona.de\/blog\/index.php?rest_route=\/wp\/v2\/posts"}],"about":[{"href":"http:\/\/www.demona.de\/blog\/index.php?rest_route=\/wp\/v2\/types\/post"}],"author":[{"embeddable":true,"href":"http:\/\/www.demona.de\/blog\/index.php?rest_route=\/wp\/v2\/users\/2"}],"replies":[{"embeddable":true,"href":"http:\/\/www.demona.de\/blog\/index.php?rest_route=%2Fwp%2Fv2%2Fcomments&post=4888"}],"version-history":[{"count":1,"href":"http:\/\/www.demona.de\/blog\/index.php?rest_route=\/wp\/v2\/posts\/4888\/revisions"}],"predecessor-version":[{"id":4889,"href":"http:\/\/www.demona.de\/blog\/index.php?rest_route=\/wp\/v2\/posts\/4888\/revisions\/4889"}],"wp:attachment":[{"href":"http:\/\/www.demona.de\/blog\/index.php?rest_route=%2Fwp%2Fv2%2Fmedia&parent=4888"}],"wp:term":[{"taxonomy":"category","embeddable":true,"href":"http:\/\/www.demona.de\/blog\/index.php?rest_route=%2Fwp%2Fv2%2Fcategories&post=4888"},{"taxonomy":"post_tag","embeddable":true,"href":"http:\/\/www.demona.de\/blog\/index.php?rest_route=%2Fwp%2Fv2%2Ftags&post=4888"}],"curies":[{"name":"wp","href":"https:\/\/api.w.org\/{rel}","templated":true}]}}