{"id":4872,"date":"2014-03-19T11:13:52","date_gmt":"2014-03-19T11:13:52","guid":{"rendered":"http:\/\/www.demona.de\/blog\/?p=4872"},"modified":"2014-05-07T11:27:26","modified_gmt":"2014-05-07T11:27:26","slug":"ruhe-sanft-flocke","status":"publish","type":"post","link":"http:\/\/www.demona.de\/blog\/?p=4872","title":{"rendered":"Ruhe sanft, Flocke!"},"content":{"rendered":"<p>Obwohl sich der Verdacht auf eine Hirnhautentz\u00fcndung nicht best\u00e4tigt hatte, ging es dem Fl\u00f6ckchen weiterhin schlecht, so dass man sich zu einem MRT entschloss. Dabei fand man einen Hirntumor und lie\u00df die kleine Maus scheren Herzens nicht mehr aufwachen&#8230; Flocke wurde nur 9 Jahre alt.<br \/>\n<a href=\"http:\/\/www.demona.de\/blog\/wp-content\/uploads\/2011\/02\/d015.gif\"><img loading=\"lazy\" decoding=\"async\" class=\"alignnone size-full wp-image-786\" alt=\"traurig\" src=\"http:\/\/www.demona.de\/blog\/wp-content\/uploads\/2011\/02\/d015.gif\" width=\"15\" height=\"17\" \/><\/a><\/p>\n<p><a href=\"http:\/\/www.demona.de\/blog\/wp-content\/uploads\/2014\/05\/flocke_rip.png\"><img loading=\"lazy\" decoding=\"async\" class=\"alignnone size-full wp-image-4873\" alt=\"flocke_rip\" src=\"http:\/\/www.demona.de\/blog\/wp-content\/uploads\/2014\/05\/flocke_rip.png\" width=\"450\" height=\"295\" srcset=\"http:\/\/www.demona.de\/blog\/wp-content\/uploads\/2014\/05\/flocke_rip.png 450w, http:\/\/www.demona.de\/blog\/wp-content\/uploads\/2014\/05\/flocke_rip-300x196.png 300w\" sizes=\"auto, (max-width: 450px) 100vw, 450px\" \/><\/a><\/p>\n<p>Dieses niedliche kleine Wollkn\u00e4uel stammte aus einer nicht gerade vorbildlichen Zucht, kannte nichts und hatte anfangs fast autistische Z\u00fcge. Doch ihr junges Frauchen wollte sie unbedingt haben und hat sich so liebevoll um sie gek\u00fcmmert und mit ihr gearbeitet, dass bald ein (fast) normaler Kleinhund aus ihr wurde, der uns alle beim Mantrailing mit seiner ganz eigenen Art entz\u00fcckte.<\/p>\n<p>Ich bin so froh, sie kennengelernt zu haben und ihre Fortschritte in unregelm\u00e4\u00dfigen Abst\u00e4nden mitverfolgen zu d\u00fcrfen. Und es stimmt mich unendlich traurig, die S\u00fc\u00dfe nie wieder zu sehen, wenn der Rest der wei\u00dfen Rasselbande uns mal wieder beim Training beehrt.<\/p>\n<p>Ihren Menschen, vor allem ihrem Frauchen, w\u00fcnschen wir jetzt ganz viel Kraft!<\/p>\n","protected":false},"excerpt":{"rendered":"<p>Obwohl sich der Verdacht auf eine Hirnhautentz\u00fcndung nicht best\u00e4tigt hatte, ging es dem Fl\u00f6ckchen weiterhin schlecht, so dass man sich zu einem MRT entschloss. Dabei fand man einen Hirntumor und lie\u00df die kleine Maus scheren Herzens nicht mehr aufwachen&#8230; Flocke wurde nur 9 Jahre alt. Dieses niedliche kleine Wollkn\u00e4uel stammte aus einer nicht gerade vorbildlichen [&hellip;]<\/p>\n","protected":false},"author":2,"featured_media":0,"comment_status":"open","ping_status":"closed","sticky":false,"template":"","format":"standard","meta":{"ngg_post_thumbnail":0,"footnotes":""},"categories":[8],"tags":[],"class_list":["post-4872","post","type-post","status-publish","format-standard","hentry","category-regenbogenbrucke"],"_links":{"self":[{"href":"http:\/\/www.demona.de\/blog\/index.php?rest_route=\/wp\/v2\/posts\/4872","targetHints":{"allow":["GET"]}}],"collection":[{"href":"http:\/\/www.demona.de\/blog\/index.php?rest_route=\/wp\/v2\/posts"}],"about":[{"href":"http:\/\/www.demona.de\/blog\/index.php?rest_route=\/wp\/v2\/types\/post"}],"author":[{"embeddable":true,"href":"http:\/\/www.demona.de\/blog\/index.php?rest_route=\/wp\/v2\/users\/2"}],"replies":[{"embeddable":true,"href":"http:\/\/www.demona.de\/blog\/index.php?rest_route=%2Fwp%2Fv2%2Fcomments&post=4872"}],"version-history":[{"count":4,"href":"http:\/\/www.demona.de\/blog\/index.php?rest_route=\/wp\/v2\/posts\/4872\/revisions"}],"predecessor-version":[{"id":4877,"href":"http:\/\/www.demona.de\/blog\/index.php?rest_route=\/wp\/v2\/posts\/4872\/revisions\/4877"}],"wp:attachment":[{"href":"http:\/\/www.demona.de\/blog\/index.php?rest_route=%2Fwp%2Fv2%2Fmedia&parent=4872"}],"wp:term":[{"taxonomy":"category","embeddable":true,"href":"http:\/\/www.demona.de\/blog\/index.php?rest_route=%2Fwp%2Fv2%2Fcategories&post=4872"},{"taxonomy":"post_tag","embeddable":true,"href":"http:\/\/www.demona.de\/blog\/index.php?rest_route=%2Fwp%2Fv2%2Ftags&post=4872"}],"curies":[{"name":"wp","href":"https:\/\/api.w.org\/{rel}","templated":true}]}}