{"id":4379,"date":"2013-12-04T21:37:20","date_gmt":"2013-12-04T21:37:20","guid":{"rendered":"http:\/\/www.demona.de\/blog\/?p=4379"},"modified":"2014-01-13T11:50:20","modified_gmt":"2014-01-13T11:50:20","slug":"wissen-fuer-die-katz","status":"publish","type":"post","link":"http:\/\/www.demona.de\/blog\/?p=4379","title":{"rendered":"Wissen f\u00fcr die Katz"},"content":{"rendered":"<p>Mal wieder eine kleine Anekdote aus dem Buchhandel.<br \/>\n<a href=\"http:\/\/www.demona.de\/blog\/wp-content\/uploads\/2011\/01\/80.gif\"><img loading=\"lazy\" decoding=\"async\" class=\"alignnone size-full wp-image-759\" alt=\"zwinker\" src=\"http:\/\/www.demona.de\/blog\/wp-content\/uploads\/2011\/01\/80.gif\" width=\"15\" height=\"15\" \/><\/a><br \/>\nEine Dame mittleren Alters hielt mir kurz ein B\u00fcchlein vom Sonderangebotstisch entgegen und verlangte &#8222;dasselbe nur f\u00fcr Hunde&#8220;!<\/p>\n<p>Auf R\u00fcckfrage zeigte sie mir &#8222;Wissen f\u00fcr Katz&#8220;\u00a0&#8230; f\u00fcr den unwissenden Leser hier aber auch noch der Untertitel, bei dem wohl (fast) jedem klar wird, um was es darin geht: &#8222;Skurriles, Am\u00fcsantes und Verbl\u00fcffendes in seiner &#8218;unn\u00fctzesten&#8216; Form&#8220;<\/p>\n<p>Ich stutzte, berappelte mich aber sofort und sagte der Kundin, dass es das nicht gebe&#8230;. was mir ein scharfes &#8222;Wieso?&#8220; einhandelte.<\/p>\n<p>Nun erkl\u00e4rte ich in aller Ruhe, dass es sich bei dem Begriff &#8222;Wissen f\u00fcr die Katz&#8220; um eine idiomatische Wendung handele, mit der im Grunde unn\u00fctzes Wissen gemeint sei. Das habe NICHTS mit Katzen zu tun. Und von daher gebe es das auch nicht f\u00fcr Hunde.<\/p>\n<p>Daraufhin vertiefte sich die Frau wortlos in das Buch und bl\u00e4tterte UNGELOGEN ca. 5 Minuten darin herum, um mir abschlie\u00dfend mitzuteilen: &#8222;Sie haben recht&#8220;.<\/p>\n<p>Sprach&#8217;s, drehte sich rum und entschwand.<br \/>\n<a href=\"http:\/\/www.demona.de\/blog\/wp-content\/uploads\/2011\/05\/kicher.gif\"><img loading=\"lazy\" decoding=\"async\" class=\"alignnone size-full wp-image-1114\" alt=\"kicher\" src=\"http:\/\/www.demona.de\/blog\/wp-content\/uploads\/2011\/05\/kicher.gif\" width=\"15\" height=\"15\" \/><\/a><\/p>\n","protected":false},"excerpt":{"rendered":"<p>Mal wieder eine kleine Anekdote aus dem Buchhandel. Eine Dame mittleren Alters hielt mir kurz ein B\u00fcchlein vom Sonderangebotstisch entgegen und verlangte &#8222;dasselbe nur f\u00fcr Hunde&#8220;! Auf R\u00fcckfrage zeigte sie mir &#8222;Wissen f\u00fcr Katz&#8220;\u00a0&#8230; f\u00fcr den unwissenden Leser hier aber auch noch der Untertitel, bei dem wohl (fast) jedem klar wird, um was es darin [&hellip;]<\/p>\n","protected":false},"author":2,"featured_media":0,"comment_status":"open","ping_status":"closed","sticky":false,"template":"","format":"standard","meta":{"ngg_post_thumbnail":0,"footnotes":""},"categories":[10],"tags":[],"class_list":["post-4379","post","type-post","status-publish","format-standard","hentry","category-arbeit"],"_links":{"self":[{"href":"http:\/\/www.demona.de\/blog\/index.php?rest_route=\/wp\/v2\/posts\/4379","targetHints":{"allow":["GET"]}}],"collection":[{"href":"http:\/\/www.demona.de\/blog\/index.php?rest_route=\/wp\/v2\/posts"}],"about":[{"href":"http:\/\/www.demona.de\/blog\/index.php?rest_route=\/wp\/v2\/types\/post"}],"author":[{"embeddable":true,"href":"http:\/\/www.demona.de\/blog\/index.php?rest_route=\/wp\/v2\/users\/2"}],"replies":[{"embeddable":true,"href":"http:\/\/www.demona.de\/blog\/index.php?rest_route=%2Fwp%2Fv2%2Fcomments&post=4379"}],"version-history":[{"count":2,"href":"http:\/\/www.demona.de\/blog\/index.php?rest_route=\/wp\/v2\/posts\/4379\/revisions"}],"predecessor-version":[{"id":4381,"href":"http:\/\/www.demona.de\/blog\/index.php?rest_route=\/wp\/v2\/posts\/4379\/revisions\/4381"}],"wp:attachment":[{"href":"http:\/\/www.demona.de\/blog\/index.php?rest_route=%2Fwp%2Fv2%2Fmedia&parent=4379"}],"wp:term":[{"taxonomy":"category","embeddable":true,"href":"http:\/\/www.demona.de\/blog\/index.php?rest_route=%2Fwp%2Fv2%2Fcategories&post=4379"},{"taxonomy":"post_tag","embeddable":true,"href":"http:\/\/www.demona.de\/blog\/index.php?rest_route=%2Fwp%2Fv2%2Ftags&post=4379"}],"curies":[{"name":"wp","href":"https:\/\/api.w.org\/{rel}","templated":true}]}}