{"id":4365,"date":"2013-11-28T15:14:22","date_gmt":"2013-11-28T15:14:22","guid":{"rendered":"http:\/\/www.demona.de\/blog\/?p=4365"},"modified":"2014-01-12T05:45:11","modified_gmt":"2014-01-12T05:45:11","slug":"herzultraschall","status":"publish","type":"post","link":"http:\/\/www.demona.de\/blog\/?p=4365","title":{"rendered":"Herzultraschall"},"content":{"rendered":"<p>Vega ist ja nicht mehr die J\u00fcngste und muss t\u00e4glich Schmerzmittel futtern, ist an sich aber relativ gut drauf. Sie freut sich \u00fcber jeden Spaziergang, hopst und rennt, schmeisst sich auf matschige Wiesen und strampelt mit allen Vieren&#8230; Allerdings ist es extrem tagesformabh\u00e4ngig, ob sie noch einen Stundenspaziergang locker schafft oder nicht. Und bl\u00f6derweise merkt man ihr zu BEGINN eines Spaziergangs nicht an, ob sie unterwegs &#8222;schlapp&#8220; machen wird oder nicht.<br \/>\n<a href=\"http:\/\/www.demona.de\/blog\/wp-content\/uploads\/2011\/05\/d025.gif\"><img loading=\"lazy\" decoding=\"async\" class=\"alignnone size-full wp-image-1099\" alt=\"mund verziehen\" src=\"http:\/\/www.demona.de\/blog\/wp-content\/uploads\/2011\/05\/d025.gif\" width=\"15\" height=\"16\" \/><\/a><br \/>\n<span style=\"line-height: 1.5em;\">So passiert es doch relativ h\u00e4ufig, dass sie auf dem R\u00fcckweg nur noch langsam hinter uns herdackelt und eine deutlich ausgepr\u00e4gte Falte in den Lefzenwinkeln hat: Schmerz, Anstrengung, Ersch\u00f6pfung?<\/span><\/p>\n<p><span style=\"line-height: 1.5em;\">Um abzukl\u00e4ren, ob das evtl. mit dem Herzen zusammenh\u00e4ngt, ging es heute zu der Kardiologin Frau <a href=\"http:\/\/www.tierklinik-vollmar.de\" target=\"_blank\">Dr. Vollmar<\/a> hier in Bonn.<\/span><\/p>\n<p><span style=\"line-height: 1.5em;\">Unsere Haus-TA war sich ja ziemlich sicher, dass Vega (aufgrund der Rasse und ihres Alters) zumindest eine leichte Vergr\u00f6\u00dferung des Herzens haben w\u00fcrde&#8230; doch erstaunlicherweise war dem nicht so: Gr\u00f6\u00dfe des Herzens war vollkommen normal, nur die linke Kammer war relativ klein (schlecht gef\u00fcllt), was z.B. von einer An\u00e4mie herr\u00fchren oder im Zusammengang mit Vegas Milzresektion vor einem knappen Jahr stehen k\u00f6nnte. Wir sollten daher auf jeden Fall bei unserer haus-TA noch mal die Blutwerte checken.<\/span><\/p>\n<p><span style=\"line-height: 1.5em;\">Ansonsten war die Kardiologin SEHR zufrieden: Puls normal, kein Herzger\u00e4usch, keine Arrhythmien, absolut unauff\u00e4lliges EKG, die Klappen schlie\u00dfen perfekt, das Herz schl\u00e4gt kr\u00e4ftig und sieht v\u00f6llig normal aus. Sprich: es gibt KEINE kardiovaskul\u00e4re Ver\u00e4nderungen!<br \/>\n<a href=\"http:\/\/www.demona.de\/blog\/wp-content\/uploads\/2011\/01\/a020.gif\"><img loading=\"lazy\" decoding=\"async\" class=\"alignnone size-full wp-image-640\" alt=\"Daumen hoch\" src=\"http:\/\/www.demona.de\/blog\/wp-content\/uploads\/2011\/01\/a020.gif\" width=\"23\" height=\"20\" \/><\/a><br \/>\n<\/span><span style=\"line-height: 1.5em;\">Ich muss sicher nicht erw\u00e4hnen, dass auch wir mit diesem Ergebnis mehr als zufrieden sind!<\/span><\/p>\n<p><span style=\"line-height: 1.5em;\">Wir werden jetzt einfach mal die Schmerzmitteldosis leicht erh\u00f6hen und gucken, ob Vega dann besser zurechtkommt. Aber wenn das so weitergeht, sind wir uns sicher, dass wir bald auch ihren 11. Geburtstag feiern werden!<br \/>\n<a href=\"http:\/\/www.demona.de\/blog\/wp-content\/uploads\/2011\/01\/fa6f4fc0dac72965263ae8d8f88127b3.png\"><img loading=\"lazy\" decoding=\"async\" class=\"alignnone size-full wp-image-716\" alt=\"herz\" src=\"http:\/\/www.demona.de\/blog\/wp-content\/uploads\/2011\/01\/fa6f4fc0dac72965263ae8d8f88127b3.png\" width=\"16\" height=\"16\" \/><\/a><br \/>\n<\/span><\/p>\n","protected":false},"excerpt":{"rendered":"<p>Vega ist ja nicht mehr die J\u00fcngste und muss t\u00e4glich Schmerzmittel futtern, ist an sich aber relativ gut drauf. Sie freut sich \u00fcber jeden Spaziergang, hopst und rennt, schmeisst sich auf matschige Wiesen und strampelt mit allen Vieren&#8230; Allerdings ist es extrem tagesformabh\u00e4ngig, ob sie noch einen Stundenspaziergang locker schafft oder nicht. Und bl\u00f6derweise merkt [&hellip;]<\/p>\n","protected":false},"author":2,"featured_media":0,"comment_status":"open","ping_status":"closed","sticky":false,"template":"","format":"standard","meta":{"ngg_post_thumbnail":0,"footnotes":""},"categories":[5],"tags":[],"class_list":["post-4365","post","type-post","status-publish","format-standard","hentry","category-wauzis"],"_links":{"self":[{"href":"http:\/\/www.demona.de\/blog\/index.php?rest_route=\/wp\/v2\/posts\/4365","targetHints":{"allow":["GET"]}}],"collection":[{"href":"http:\/\/www.demona.de\/blog\/index.php?rest_route=\/wp\/v2\/posts"}],"about":[{"href":"http:\/\/www.demona.de\/blog\/index.php?rest_route=\/wp\/v2\/types\/post"}],"author":[{"embeddable":true,"href":"http:\/\/www.demona.de\/blog\/index.php?rest_route=\/wp\/v2\/users\/2"}],"replies":[{"embeddable":true,"href":"http:\/\/www.demona.de\/blog\/index.php?rest_route=%2Fwp%2Fv2%2Fcomments&post=4365"}],"version-history":[{"count":4,"href":"http:\/\/www.demona.de\/blog\/index.php?rest_route=\/wp\/v2\/posts\/4365\/revisions"}],"predecessor-version":[{"id":4369,"href":"http:\/\/www.demona.de\/blog\/index.php?rest_route=\/wp\/v2\/posts\/4365\/revisions\/4369"}],"wp:attachment":[{"href":"http:\/\/www.demona.de\/blog\/index.php?rest_route=%2Fwp%2Fv2%2Fmedia&parent=4365"}],"wp:term":[{"taxonomy":"category","embeddable":true,"href":"http:\/\/www.demona.de\/blog\/index.php?rest_route=%2Fwp%2Fv2%2Fcategories&post=4365"},{"taxonomy":"post_tag","embeddable":true,"href":"http:\/\/www.demona.de\/blog\/index.php?rest_route=%2Fwp%2Fv2%2Ftags&post=4365"}],"curies":[{"name":"wp","href":"https:\/\/api.w.org\/{rel}","templated":true}]}}