{"id":3637,"date":"2013-04-03T14:31:45","date_gmt":"2013-04-03T14:31:45","guid":{"rendered":"http:\/\/www.demona.de\/blog\/?p=3637"},"modified":"2013-06-03T04:36:06","modified_gmt":"2013-06-03T04:36:06","slug":"ruhe-sanft-max","status":"publish","type":"post","link":"http:\/\/www.demona.de\/blog\/?p=3637","title":{"rendered":"Ruhe sanft, Max!"},"content":{"rendered":"<p>Mit seinen fast 12 Jahren ist nun auch Mortishas Papa im Hundehimmel&#8230;<\/p>\n<p>Max hatte in den letzten Monaten stark abgebaut und bei der letzten tier\u00e4rztlichen Untersuchung wurde ein sehr gro\u00dfer Tumor im Bauch festgestellt. Mittlerweile konnte Max nur noch schlecht laufen und hatte gro\u00dfe Probleme mit dem Gleichgewicht. Und so durfte er ganz ruhig und friedlich beim Tierarzt einschlafen.<\/p>\n<p>Nun ist der Gremlin-Papa sicher bei seiner Lotta&#8230;<\/p>\n<p><a href=\"http:\/\/www.demona.de\/blog\/wp-content\/uploads\/2013\/06\/lotta_max.jpg\"><img loading=\"lazy\" decoding=\"async\" class=\"alignnone size-full wp-image-3638\" alt=\"lotta_max_rip\" src=\"http:\/\/www.demona.de\/blog\/wp-content\/uploads\/2013\/06\/lotta_max.jpg\" width=\"400\" height=\"436\" srcset=\"http:\/\/www.demona.de\/blog\/wp-content\/uploads\/2013\/06\/lotta_max.jpg 400w, http:\/\/www.demona.de\/blog\/wp-content\/uploads\/2013\/06\/lotta_max-275x300.jpg 275w\" sizes=\"auto, (max-width: 400px) 100vw, 400px\" \/><\/a><\/p>\n","protected":false},"excerpt":{"rendered":"<p>Mit seinen fast 12 Jahren ist nun auch Mortishas Papa im Hundehimmel&#8230; Max hatte in den letzten Monaten stark abgebaut und bei der letzten tier\u00e4rztlichen Untersuchung wurde ein sehr gro\u00dfer Tumor im Bauch festgestellt. Mittlerweile konnte Max nur noch schlecht laufen und hatte gro\u00dfe Probleme mit dem Gleichgewicht. Und so durfte er ganz ruhig und [&hellip;]<\/p>\n","protected":false},"author":2,"featured_media":0,"comment_status":"open","ping_status":"closed","sticky":false,"template":"","format":"standard","meta":{"ngg_post_thumbnail":0,"footnotes":""},"categories":[8],"tags":[],"class_list":["post-3637","post","type-post","status-publish","format-standard","hentry","category-regenbogenbrucke"],"_links":{"self":[{"href":"http:\/\/www.demona.de\/blog\/index.php?rest_route=\/wp\/v2\/posts\/3637","targetHints":{"allow":["GET"]}}],"collection":[{"href":"http:\/\/www.demona.de\/blog\/index.php?rest_route=\/wp\/v2\/posts"}],"about":[{"href":"http:\/\/www.demona.de\/blog\/index.php?rest_route=\/wp\/v2\/types\/post"}],"author":[{"embeddable":true,"href":"http:\/\/www.demona.de\/blog\/index.php?rest_route=\/wp\/v2\/users\/2"}],"replies":[{"embeddable":true,"href":"http:\/\/www.demona.de\/blog\/index.php?rest_route=%2Fwp%2Fv2%2Fcomments&post=3637"}],"version-history":[{"count":3,"href":"http:\/\/www.demona.de\/blog\/index.php?rest_route=\/wp\/v2\/posts\/3637\/revisions"}],"predecessor-version":[{"id":3641,"href":"http:\/\/www.demona.de\/blog\/index.php?rest_route=\/wp\/v2\/posts\/3637\/revisions\/3641"}],"wp:attachment":[{"href":"http:\/\/www.demona.de\/blog\/index.php?rest_route=%2Fwp%2Fv2%2Fmedia&parent=3637"}],"wp:term":[{"taxonomy":"category","embeddable":true,"href":"http:\/\/www.demona.de\/blog\/index.php?rest_route=%2Fwp%2Fv2%2Fcategories&post=3637"},{"taxonomy":"post_tag","embeddable":true,"href":"http:\/\/www.demona.de\/blog\/index.php?rest_route=%2Fwp%2Fv2%2Ftags&post=3637"}],"curies":[{"name":"wp","href":"https:\/\/api.w.org\/{rel}","templated":true}]}}