{"id":3626,"date":"2013-03-31T13:35:06","date_gmt":"2013-03-31T13:35:06","guid":{"rendered":"http:\/\/www.demona.de\/blog\/?p=3626"},"modified":"2013-06-03T03:39:00","modified_gmt":"2013-06-03T03:39:00","slug":"die-zwei-omas","status":"publish","type":"post","link":"http:\/\/www.demona.de\/blog\/?p=3626","title":{"rendered":"Die zwei Omas"},"content":{"rendered":"<p>Heute waren wir zu einer &#8222;Oma-Runde&#8220; mit der ebenfalls 10-j\u00e4hrigen Cane Corso-H\u00fcndin Umba unterwegs gewesen&#8230;und hatten einen Riesenspa\u00df!<\/p>\n<p>Die beiden Damen haben sich benommen wie die Teenies und haben sogar erstmals richtig miteinander gespielt!<br \/>\n<a href=\"http:\/\/www.demona.de\/blog\/wp-content\/uploads\/2013\/06\/freudentanz.gif\"><img loading=\"lazy\" decoding=\"async\" class=\"alignnone size-full wp-image-3620\" alt=\"freudentanz\" src=\"http:\/\/www.demona.de\/blog\/wp-content\/uploads\/2013\/06\/freudentanz.gif\" width=\"42\" height=\"27\" \/><\/a><br \/>\nMan sollte dazu sagen, dass Umba eine ausgediente Zuchth\u00fcndin ist, nix kannte, mit 9 Jahren in ein franz\u00f6sisches TH kam, vermittelt wurde, mit dem normalen Alltag und vor allem Hundekontakten total \u00fcberfordert war und ihr dann zu allem \u00dcberfluss von einem irren Sch\u00e4ferhund ein Ohr zur H\u00e4lfte abgerissen worden ist&#8230; was f\u00fcr ihr Sozialverhalten nicht gerade f\u00f6rderlich war&#8230;<\/p>\n<p>Vega kennt sie aber&#8230;. und obwohl wir uns nun ein paar Monate nicht gesehen hatten, haben sich beide H\u00fcndinnen sehr gefreut, sich zu sehen&#8230; habe nur leider keine vern\u00fcnftigen Spielfotos hinbekommen. *schn\u00fcff*<\/p>\n<p>Die hellere H\u00fcndin ist Umba und die dunklere Vega!<\/p>\n<p><a href=\"http:\/\/www.demona.de\/blog\/wp-content\/uploads\/2013\/06\/DSC0059.jpg\"><img loading=\"lazy\" decoding=\"async\" class=\"alignnone size-full wp-image-3627\" alt=\"Umba_Vega_Spiel\" src=\"http:\/\/www.demona.de\/blog\/wp-content\/uploads\/2013\/06\/DSC0059.jpg\" width=\"450\" height=\"300\" srcset=\"http:\/\/www.demona.de\/blog\/wp-content\/uploads\/2013\/06\/DSC0059.jpg 450w, http:\/\/www.demona.de\/blog\/wp-content\/uploads\/2013\/06\/DSC0059-300x200.jpg 300w\" sizes=\"auto, (max-width: 450px) 100vw, 450px\" \/><\/a><\/p>\n","protected":false},"excerpt":{"rendered":"<p>Heute waren wir zu einer &#8222;Oma-Runde&#8220; mit der ebenfalls 10-j\u00e4hrigen Cane Corso-H\u00fcndin Umba unterwegs gewesen&#8230;und hatten einen Riesenspa\u00df! Die beiden Damen haben sich benommen wie die Teenies und haben sogar erstmals richtig miteinander gespielt! Man sollte dazu sagen, dass Umba eine ausgediente Zuchth\u00fcndin ist, nix kannte, mit 9 Jahren in ein franz\u00f6sisches TH kam, vermittelt [&hellip;]<\/p>\n","protected":false},"author":2,"featured_media":0,"comment_status":"open","ping_status":"closed","sticky":false,"template":"","format":"standard","meta":{"ngg_post_thumbnail":0,"footnotes":""},"categories":[5],"tags":[],"class_list":["post-3626","post","type-post","status-publish","format-standard","hentry","category-wauzis"],"_links":{"self":[{"href":"http:\/\/www.demona.de\/blog\/index.php?rest_route=\/wp\/v2\/posts\/3626","targetHints":{"allow":["GET"]}}],"collection":[{"href":"http:\/\/www.demona.de\/blog\/index.php?rest_route=\/wp\/v2\/posts"}],"about":[{"href":"http:\/\/www.demona.de\/blog\/index.php?rest_route=\/wp\/v2\/types\/post"}],"author":[{"embeddable":true,"href":"http:\/\/www.demona.de\/blog\/index.php?rest_route=\/wp\/v2\/users\/2"}],"replies":[{"embeddable":true,"href":"http:\/\/www.demona.de\/blog\/index.php?rest_route=%2Fwp%2Fv2%2Fcomments&post=3626"}],"version-history":[{"count":3,"href":"http:\/\/www.demona.de\/blog\/index.php?rest_route=\/wp\/v2\/posts\/3626\/revisions"}],"predecessor-version":[{"id":3630,"href":"http:\/\/www.demona.de\/blog\/index.php?rest_route=\/wp\/v2\/posts\/3626\/revisions\/3630"}],"wp:attachment":[{"href":"http:\/\/www.demona.de\/blog\/index.php?rest_route=%2Fwp%2Fv2%2Fmedia&parent=3626"}],"wp:term":[{"taxonomy":"category","embeddable":true,"href":"http:\/\/www.demona.de\/blog\/index.php?rest_route=%2Fwp%2Fv2%2Fcategories&post=3626"},{"taxonomy":"post_tag","embeddable":true,"href":"http:\/\/www.demona.de\/blog\/index.php?rest_route=%2Fwp%2Fv2%2Ftags&post=3626"}],"curies":[{"name":"wp","href":"https:\/\/api.w.org\/{rel}","templated":true}]}}