{"id":3619,"date":"2013-03-30T09:56:51","date_gmt":"2013-03-30T09:56:51","guid":{"rendered":"http:\/\/www.demona.de\/blog\/?p=3619"},"modified":"2013-07-12T05:56:33","modified_gmt":"2013-07-12T05:56:33","slug":"happy-birthday-vega-3","status":"publish","type":"post","link":"http:\/\/www.demona.de\/blog\/?p=3619","title":{"rendered":"Happy Birthday, Vega!"},"content":{"rendered":"<p>Im letzten Jahr dachte ich mehrmals, dass wir diesen Tag nicht mehr erleben w\u00fcrden&#8230;. doch Vega hat sich\u00a0&#8211; wie ihr ganzes Leben lang &#8211; als eine K\u00e4mpfernatur erwiesen, die sich so leicht nicht unterkriegen l\u00e4sst.<\/p>\n<p>Und nun ist es wirklich soweit: wir haben die &#8222;magische&#8220; 10-Jahres-Marke geknackt!<br \/>\n<a href=\"http:\/\/www.demona.de\/blog\/wp-content\/uploads\/2013\/06\/freudentanz.gif\"><img loading=\"lazy\" decoding=\"async\" class=\"alignnone size-full wp-image-3620\" alt=\"freudentanz\" src=\"http:\/\/www.demona.de\/blog\/wp-content\/uploads\/2013\/06\/freudentanz.gif\" width=\"42\" height=\"27\" \/><\/a><br \/>\n<a href=\"http:\/\/www.demona.de\/blog\/wp-content\/uploads\/2013\/06\/birthday_vega_2013.jpg\"><img loading=\"lazy\" decoding=\"async\" class=\"alignnone size-full wp-image-3621\" alt=\"birthday_vega_2013\" src=\"http:\/\/www.demona.de\/blog\/wp-content\/uploads\/2013\/06\/birthday_vega_2013.jpg\" width=\"450\" height=\"338\" srcset=\"http:\/\/www.demona.de\/blog\/wp-content\/uploads\/2013\/06\/birthday_vega_2013.jpg 450w, http:\/\/www.demona.de\/blog\/wp-content\/uploads\/2013\/06\/birthday_vega_2013-300x225.jpg 300w\" sizes=\"auto, (max-width: 450px) 100vw, 450px\" \/><\/a><\/p>\n<p>Trotz des immer grauer werdenden Schn\u00fctchens benimmt sich meine S\u00fc\u00dfe immer alberner und kindischer&#8230;\u00a0spielt jeden Tag ausgelassen mit ihrem Gremlinkind und dem Simbelbimbel. Sie macht locker stundenlange\u00a0Spazierg\u00e4nge mit, freut sich \u00fcber nette Hundekontakte&#8230; und gibt immer noch jedem Saures, der sich an\u00a0ihren Schutzbefohlenen vergreifen will.<\/p>\n<p>Gesundheitlich geht es ihr einfach super&#8230;. sie kommt mit einer Erhaltungsdosis Arthrisel prima zurecht,\u00a0vermisst ihre Milz nicht im Geringsten , hat wieder Muskulatur aufgebaut und fast schon wieder ihr altes\u00a0Gewicht erreicht. Wir k\u00f6nnen also verdammt zufrieden sein.<\/p>\n<p>Vega&#8230; mein Schatz&#8230; meine Beste und Sch\u00f6nste&#8230; mein Seelenhund.<\/p>\n<p>Ich kann mir ein Leben ohne dich nicht vorstellen&#8230;und hoffe so sehr, dass du noch seeeeehr lange bei uns bleibst!<br \/>\n<a href=\"http:\/\/www.demona.de\/blog\/wp-content\/uploads\/2011\/01\/fa6f4fc0dac72965263ae8d8f88127b3.png\"><img loading=\"lazy\" decoding=\"async\" class=\"alignnone size-full wp-image-716\" alt=\"herz\" src=\"http:\/\/www.demona.de\/blog\/wp-content\/uploads\/2011\/01\/fa6f4fc0dac72965263ae8d8f88127b3.png\" width=\"16\" height=\"16\" \/><\/a><br \/>\n<a href=\"http:\/\/www.demona.de\/blog\/wp-content\/uploads\/2013\/06\/DSC_0095.jpg\"><img loading=\"lazy\" decoding=\"async\" class=\"alignnone size-full wp-image-3622\" alt=\"DSC_0095\" src=\"http:\/\/www.demona.de\/blog\/wp-content\/uploads\/2013\/06\/DSC_0095.jpg\" width=\"266\" height=\"400\" srcset=\"http:\/\/www.demona.de\/blog\/wp-content\/uploads\/2013\/06\/DSC_0095.jpg 266w, http:\/\/www.demona.de\/blog\/wp-content\/uploads\/2013\/06\/DSC_0095-199x300.jpg 199w\" sizes=\"auto, (max-width: 266px) 100vw, 266px\" \/><\/a><\/p>\n","protected":false},"excerpt":{"rendered":"<p>Im letzten Jahr dachte ich mehrmals, dass wir diesen Tag nicht mehr erleben w\u00fcrden&#8230;. doch Vega hat sich\u00a0&#8211; wie ihr ganzes Leben lang &#8211; als eine K\u00e4mpfernatur erwiesen, die sich so leicht nicht unterkriegen l\u00e4sst. Und nun ist es wirklich soweit: wir haben die &#8222;magische&#8220; 10-Jahres-Marke geknackt! Trotz des immer grauer werdenden Schn\u00fctchens benimmt sich [&hellip;]<\/p>\n","protected":false},"author":2,"featured_media":0,"comment_status":"closed","ping_status":"closed","sticky":false,"template":"","format":"standard","meta":{"ngg_post_thumbnail":0,"footnotes":""},"categories":[5],"tags":[],"class_list":["post-3619","post","type-post","status-publish","format-standard","hentry","category-wauzis"],"_links":{"self":[{"href":"http:\/\/www.demona.de\/blog\/index.php?rest_route=\/wp\/v2\/posts\/3619","targetHints":{"allow":["GET"]}}],"collection":[{"href":"http:\/\/www.demona.de\/blog\/index.php?rest_route=\/wp\/v2\/posts"}],"about":[{"href":"http:\/\/www.demona.de\/blog\/index.php?rest_route=\/wp\/v2\/types\/post"}],"author":[{"embeddable":true,"href":"http:\/\/www.demona.de\/blog\/index.php?rest_route=\/wp\/v2\/users\/2"}],"replies":[{"embeddable":true,"href":"http:\/\/www.demona.de\/blog\/index.php?rest_route=%2Fwp%2Fv2%2Fcomments&post=3619"}],"version-history":[{"count":5,"href":"http:\/\/www.demona.de\/blog\/index.php?rest_route=\/wp\/v2\/posts\/3619\/revisions"}],"predecessor-version":[{"id":3876,"href":"http:\/\/www.demona.de\/blog\/index.php?rest_route=\/wp\/v2\/posts\/3619\/revisions\/3876"}],"wp:attachment":[{"href":"http:\/\/www.demona.de\/blog\/index.php?rest_route=%2Fwp%2Fv2%2Fmedia&parent=3619"}],"wp:term":[{"taxonomy":"category","embeddable":true,"href":"http:\/\/www.demona.de\/blog\/index.php?rest_route=%2Fwp%2Fv2%2Fcategories&post=3619"},{"taxonomy":"post_tag","embeddable":true,"href":"http:\/\/www.demona.de\/blog\/index.php?rest_route=%2Fwp%2Fv2%2Ftags&post=3619"}],"curies":[{"name":"wp","href":"https:\/\/api.w.org\/{rel}","templated":true}]}}