{"id":3564,"date":"2013-03-14T20:16:42","date_gmt":"2013-03-14T20:16:42","guid":{"rendered":"http:\/\/www.demona.de\/blog\/?p=3564"},"modified":"2013-04-23T20:54:31","modified_gmt":"2013-04-23T20:54:31","slug":"schwierige-aussprache","status":"publish","type":"post","link":"http:\/\/www.demona.de\/blog\/?p=3564","title":{"rendered":"schwierige Aussprache"},"content":{"rendered":"<p>Da ich mir grunds\u00e4tzlich keine Filmtitel, geschweige denn die Namen von Schauspielern merken kann und st\u00e4ndig alles durcheinander werfe, treibe ich meinen Mann regelm\u00e4\u00dfig an den Rand der Verzweiflung.<\/p>\n<p>Als dann heute eine Kundin nach zwei Filmen (noch dazu Klassikern!) fragte, dachte ich deshalb sofort, ich sei wieder zu bl\u00f6d, wollte mir nicht die Bl\u00f6\u00dfe geben, den einen davon nicht zu kennen&#8230;und widmete mich erst mal der einfacheren Aufgabe: &#8222;Jenseits von Eden&#8220;&#8230;. kein Problem. Hatten wir laut PC vorr\u00e4tig und konnte ich auch auf Anhieb finden.<\/p>\n<p>Doch der zweite Film brachte mich ins Schwitzen. Ich hatte lautsprachlich &#8222;Dschener\u00e9&#8220; verstanden&#8230;und konnte mir beim besten Willen nicht ausmalen, was das sein sollte. Also musste ich doch noch mal nachfragen und erntete sogleich einen erbosten Blick der Kundin, die mein Unwissen ganz offensichtlich als unverzeihliche Wissensl\u00fccke empfand.<\/p>\n<p>Ganz betont und langsam sagte sie: &#8222;Dschener\u00e9. Von Charlotte Br\u00fcn\u00e9&#8220; \u00a0&#8230; und der Blick sagte: &#8222;Na, klingelt es jetzt?&#8220;<\/p>\n<p>Nein, es klingelte <strong>nicht<\/strong>.\u00a0Ganz im Gegensatz zu all meinen Kollegen, denen ich sp\u00e4ter davon erz\u00e4hlte und die sich jetzt schon aussch\u00fctteten vor Lachen. Denn ich versuchte gerade, mich krampfhaft an alte franz\u00f6sische Filme zu erinnern.<br \/>\n<a href=\"http:\/\/www.demona.de\/blog\/wp-content\/uploads\/2011\/05\/d025.gif\"><img loading=\"lazy\" decoding=\"async\" class=\"alignnone size-full wp-image-1099\" alt=\"mund verziehen\" src=\"http:\/\/www.demona.de\/blog\/wp-content\/uploads\/2011\/05\/d025.gif\" width=\"15\" height=\"16\" \/><\/a><br \/>\nEs blieb mir also nicht anderes \u00fcbrig: ich musste die Dame darum bitten, den Titel zu buchstabieren. \u00a0Sie begann: &#8222;J &#8230; A &#8230; N&#8230;E&#8230;&#8220;<br \/>\n<strong><\/strong><\/p>\n<p><strong>Jetzt<\/strong> fiel dann auch endlich bei mir der Groschen! &#8222;Aaaaah&#8230;. Sie meinen &#8218;Jane Eyre&#8216; (-&gt; phonetisch also eher: Dschein Ehr).<\/p>\n<p>Die Gute bestand zwar weiterhin auf ihrer Aussprache, best\u00e4tigte aber, dass es sich um den richtigen Titel handelte, als ich ihr aus dem Stegreif gleich drei verschiedene Verfilmungen in die Hand dr\u00fcckte.<\/p>\n<p>Um den peinlich ber\u00fchrten Augenblick zu \u00fcberwinden, plapperte ich nun fr\u00f6hlich drauflos und erl\u00e4uterte die Unterschiede der verschiedenen Versionen&#8230; doch offenbar g\u00e4rte es in der Kundin, denn irgendwann platzte sie heraus: &#8222;Sind Sie sich mit der Aussprache sicher? <strong>Mir<\/strong> hat n\u00e4mlich ein Muttersprachler gesagt, dass das so ausgesprochen wird!&#8220;<\/p>\n<p>Ich habe mir dann mal verkniffen, ihr zu sagen, dass dieser Muttersprachler sie ziemlich fies ver\u00e4ppelt hat, falls er ihr das wirklich so gesagt haben sollte.<br \/>\n<a href=\"http:\/\/www.demona.de\/blog\/wp-content\/uploads\/2012\/08\/d050.gif\"><img loading=\"lazy\" decoding=\"async\" class=\"alignnone size-full wp-image-2684\" alt=\"sch\u00e4m\" src=\"http:\/\/www.demona.de\/blog\/wp-content\/uploads\/2012\/08\/d050.gif\" width=\"15\" height=\"16\" \/><\/a><\/p>\n<p>&nbsp;<\/p>\n","protected":false},"excerpt":{"rendered":"<p>Da ich mir grunds\u00e4tzlich keine Filmtitel, geschweige denn die Namen von Schauspielern merken kann und st\u00e4ndig alles durcheinander werfe, treibe ich meinen Mann regelm\u00e4\u00dfig an den Rand der Verzweiflung. Als dann heute eine Kundin nach zwei Filmen (noch dazu Klassikern!) fragte, dachte ich deshalb sofort, ich sei wieder zu bl\u00f6d, wollte mir nicht die Bl\u00f6\u00dfe [&hellip;]<\/p>\n","protected":false},"author":2,"featured_media":0,"comment_status":"open","ping_status":"closed","sticky":false,"template":"","format":"standard","meta":{"ngg_post_thumbnail":0,"footnotes":""},"categories":[10],"tags":[],"class_list":["post-3564","post","type-post","status-publish","format-standard","hentry","category-arbeit"],"_links":{"self":[{"href":"http:\/\/www.demona.de\/blog\/index.php?rest_route=\/wp\/v2\/posts\/3564","targetHints":{"allow":["GET"]}}],"collection":[{"href":"http:\/\/www.demona.de\/blog\/index.php?rest_route=\/wp\/v2\/posts"}],"about":[{"href":"http:\/\/www.demona.de\/blog\/index.php?rest_route=\/wp\/v2\/types\/post"}],"author":[{"embeddable":true,"href":"http:\/\/www.demona.de\/blog\/index.php?rest_route=\/wp\/v2\/users\/2"}],"replies":[{"embeddable":true,"href":"http:\/\/www.demona.de\/blog\/index.php?rest_route=%2Fwp%2Fv2%2Fcomments&post=3564"}],"version-history":[{"count":5,"href":"http:\/\/www.demona.de\/blog\/index.php?rest_route=\/wp\/v2\/posts\/3564\/revisions"}],"predecessor-version":[{"id":3569,"href":"http:\/\/www.demona.de\/blog\/index.php?rest_route=\/wp\/v2\/posts\/3564\/revisions\/3569"}],"wp:attachment":[{"href":"http:\/\/www.demona.de\/blog\/index.php?rest_route=%2Fwp%2Fv2%2Fmedia&parent=3564"}],"wp:term":[{"taxonomy":"category","embeddable":true,"href":"http:\/\/www.demona.de\/blog\/index.php?rest_route=%2Fwp%2Fv2%2Fcategories&post=3564"},{"taxonomy":"post_tag","embeddable":true,"href":"http:\/\/www.demona.de\/blog\/index.php?rest_route=%2Fwp%2Fv2%2Ftags&post=3564"}],"curies":[{"name":"wp","href":"https:\/\/api.w.org\/{rel}","templated":true}]}}