{"id":3534,"date":"2013-03-02T12:53:29","date_gmt":"2013-03-02T12:53:29","guid":{"rendered":"http:\/\/www.demona.de\/blog\/?p=3534"},"modified":"2013-04-21T10:22:05","modified_gmt":"2013-04-21T10:22:05","slug":"hund-aufgegriffen","status":"publish","type":"post","link":"http:\/\/www.demona.de\/blog\/?p=3534","title":{"rendered":"Hund aufgegriffen"},"content":{"rendered":"<p>Als wir heute auf H\u00f6he des M\u00fcllekovener Kl\u00e4rwerks wieder auf den Damm hochwollten, raste pl\u00f6tzlich ein Hund an uns vorbei, der wie aus dem Nichts gekommen war. Vega startete durch, er blickte sich um, verlangsamte seinen Lauf, wurde von Vega gerammt und beide rutschten auf der anderen Seite des Dammes in die B\u00fcsche! Sekundenbruchteile sp\u00e4ter knallte ich &#8211; ungewollt auf meinem Hosenboden die B\u00f6schung runterschliddernd &#8211; mit rein und packte mir den v\u00f6llig fertigen Hund, da weit und breit kein dazugeh\u00f6riger Hundehalter \u00a0zu sehen war.<\/p>\n<p>Obwohl wir nun minutenlang warteten und vom Damm aus wirklich eine weite Rundumsicht \u00fcber die Felder hatten, \u00a0bemerkten wir niemanden, der einen Hund vermisste&#8230; auch Passanten, die wir ansprachen, erkannten den H\u00fctehund\/Collie-Mix leider nicht und konnten uns nicht sagen, wohin er geh\u00f6rte.<\/p>\n<p><a href=\"http:\/\/www.demona.de\/blog\/wp-content\/uploads\/2013\/04\/FotoKopie-1.jpg\"><img loading=\"lazy\" decoding=\"async\" class=\"alignnone size-full wp-image-3535\" alt=\"Hund_Klaerwerk\" src=\"http:\/\/www.demona.de\/blog\/wp-content\/uploads\/2013\/04\/FotoKopie-1.jpg\" width=\"406\" height=\"400\" srcset=\"http:\/\/www.demona.de\/blog\/wp-content\/uploads\/2013\/04\/FotoKopie-1.jpg 406w, http:\/\/www.demona.de\/blog\/wp-content\/uploads\/2013\/04\/FotoKopie-1-300x295.jpg 300w\" sizes=\"auto, (max-width: 406px) 100vw, 406px\" \/><\/a><\/p>\n<p>Der \u00e4ltere R\u00fcde blutete am Zahnfleisch, lahmte leicht (evtl. wegen der entz\u00fcndeten Stelle an der rechten Vorderpfote) und wirkte regelrecht verloren. Ob er &#8211; aus welchem Grund auch immer &#8211; von seinem Menschen getrennt worden war und nun in Panik nach Hause unterwegs gewesen war?<\/p>\n<p>Wir konnten ihn aber auch nicht wieder laufen lassen und riskieren, dass er auf seinem Heimweg evtl. \u00fcber eine Stra\u00dfe rennt und \u00fcberfahren wird!<\/p>\n<p>Also blieb uns als einzige Option das Troisdorfer Tierheim.\u00a0Wir leinten den gut erzogenen und rundum vertr\u00e4glichen R\u00fcden daher an, liefen zum Parkplatz zur\u00fcck und baten unterwegs jeden Passanten, nach Personen Ausschau zu halten, die offensichtlich einen Hund suchten, und diesen zu sagen, wohin wir ihn bringen w\u00fcrden.<\/p>\n<p>Am Auto angekommen, z\u00f6gerte der S\u00fc\u00dfe nur kurz, lie\u00df sich dann aber ganz brav in unser Auto setzen. Bl\u00f6derweise waren wir mit dem <strong>kleinen<\/strong> Auto (Nissan Almera) unterwegs, so dass es mit zwei Menschen sowie drei gro\u00dfen und einem kleinen Hund doch recht eng wurde, aber wir mussten ja gl\u00fccklicherweise nicht stundenlang fahren.<br \/>\n<a href=\"http:\/\/www.demona.de\/blog\/wp-content\/uploads\/2011\/01\/80.gif\"><img loading=\"lazy\" decoding=\"async\" class=\"alignnone size-full wp-image-759\" alt=\"zwinker\" src=\"http:\/\/www.demona.de\/blog\/wp-content\/uploads\/2011\/01\/80.gif\" width=\"15\" height=\"15\" \/><br \/>\n<\/a>Im TH wurden wir sehr freundlich aufgenommen und man bedankte sich langatmig bei uns, weil wir den Hund eingefangen und bei ihnen angeliefert hatten&#8230; dabei sollte so etwas (gerade unter Hundehaltern) doch eine Selbstverst\u00e4ndlichkeit sein&#8230;.<\/p>\n<p>Nun bleibt nur zu hoffen, dass der Oldie ganz fix von seinen Menschen abgeholt wird!<\/p>\n","protected":false},"excerpt":{"rendered":"<p>Als wir heute auf H\u00f6he des M\u00fcllekovener Kl\u00e4rwerks wieder auf den Damm hochwollten, raste pl\u00f6tzlich ein Hund an uns vorbei, der wie aus dem Nichts gekommen war. Vega startete durch, er blickte sich um, verlangsamte seinen Lauf, wurde von Vega gerammt und beide rutschten auf der anderen Seite des Dammes in die B\u00fcsche! Sekundenbruchteile sp\u00e4ter [&hellip;]<\/p>\n","protected":false},"author":2,"featured_media":0,"comment_status":"open","ping_status":"closed","sticky":false,"template":"","format":"standard","meta":{"ngg_post_thumbnail":0,"footnotes":""},"categories":[5],"tags":[],"class_list":["post-3534","post","type-post","status-publish","format-standard","hentry","category-wauzis"],"_links":{"self":[{"href":"http:\/\/www.demona.de\/blog\/index.php?rest_route=\/wp\/v2\/posts\/3534","targetHints":{"allow":["GET"]}}],"collection":[{"href":"http:\/\/www.demona.de\/blog\/index.php?rest_route=\/wp\/v2\/posts"}],"about":[{"href":"http:\/\/www.demona.de\/blog\/index.php?rest_route=\/wp\/v2\/types\/post"}],"author":[{"embeddable":true,"href":"http:\/\/www.demona.de\/blog\/index.php?rest_route=\/wp\/v2\/users\/2"}],"replies":[{"embeddable":true,"href":"http:\/\/www.demona.de\/blog\/index.php?rest_route=%2Fwp%2Fv2%2Fcomments&post=3534"}],"version-history":[{"count":3,"href":"http:\/\/www.demona.de\/blog\/index.php?rest_route=\/wp\/v2\/posts\/3534\/revisions"}],"predecessor-version":[{"id":3538,"href":"http:\/\/www.demona.de\/blog\/index.php?rest_route=\/wp\/v2\/posts\/3534\/revisions\/3538"}],"wp:attachment":[{"href":"http:\/\/www.demona.de\/blog\/index.php?rest_route=%2Fwp%2Fv2%2Fmedia&parent=3534"}],"wp:term":[{"taxonomy":"category","embeddable":true,"href":"http:\/\/www.demona.de\/blog\/index.php?rest_route=%2Fwp%2Fv2%2Fcategories&post=3534"},{"taxonomy":"post_tag","embeddable":true,"href":"http:\/\/www.demona.de\/blog\/index.php?rest_route=%2Fwp%2Fv2%2Ftags&post=3534"}],"curies":[{"name":"wp","href":"https:\/\/api.w.org\/{rel}","templated":true}]}}