{"id":3527,"date":"2013-03-01T09:33:15","date_gmt":"2013-03-01T09:33:15","guid":{"rendered":"http:\/\/www.demona.de\/blog\/?p=3527"},"modified":"2013-04-21T09:51:26","modified_gmt":"2013-04-21T09:51:26","slug":"happy-birthday-simba-3","status":"publish","type":"post","link":"http:\/\/www.demona.de\/blog\/?p=3527","title":{"rendered":"Happy Birthday, Simba!"},"content":{"rendered":"<p>Meine G\u00fcte&#8230; jetzt ist er schon 6 Jahre alt!<\/p>\n<p><a href=\"http:\/\/www.demona.de\/blog\/wp-content\/uploads\/2013\/04\/muffins_schrift_free_wallpaper.jpg\"><img loading=\"lazy\" decoding=\"async\" class=\"alignnone size-full wp-image-3528\" alt=\"muffins_schrift_free_wallpaper\" src=\"http:\/\/www.demona.de\/blog\/wp-content\/uploads\/2013\/04\/muffins_schrift_free_wallpaper.jpg\" width=\"450\" height=\"338\" srcset=\"http:\/\/www.demona.de\/blog\/wp-content\/uploads\/2013\/04\/muffins_schrift_free_wallpaper.jpg 450w, http:\/\/www.demona.de\/blog\/wp-content\/uploads\/2013\/04\/muffins_schrift_free_wallpaper-300x225.jpg 300w\" sizes=\"auto, (max-width: 450px) 100vw, 450px\" \/><\/a><\/p>\n<p>Es ist wirklich kaum zu glauben, aber Simba wirkt keinen Tag \u00e4lter, seit er vor 4 Jahren als Pflegehund (pfff&#8230; als ob man <strong>so<\/strong> einen Hund wieder weggeben k\u00f6nnte!)\u00a0bei uns eingezogen ist. \u00a0Weder ist er grauer geworden, noch ruhiger oder irgendwie &#8222;erwachsener&#8220;.<\/p>\n<p>Dieser Kerl ist einfach nur megaklasse und macht uns allen &#8211; Menschen und Hunden &#8211; einen Riesenspa\u00df. Er steht morgens schon mit guter Laune auf&#8230;. kaspert den halben Tag rum&#8230; und stiefelt abends hochzufrieden wedelnd in sein K\u00f6rbchen. Ein Kindskopf halt, das\u00a0immer noch ein totales Babyface hat!<br \/>\n<a href=\"http:\/\/www.demona.de\/blog\/wp-content\/uploads\/2011\/01\/fa6f4fc0dac72965263ae8d8f88127b3.png\"><img loading=\"lazy\" decoding=\"async\" class=\"alignnone size-full wp-image-716\" alt=\"herz\" src=\"http:\/\/www.demona.de\/blog\/wp-content\/uploads\/2011\/01\/fa6f4fc0dac72965263ae8d8f88127b3.png\" width=\"16\" height=\"16\" \/><\/a><\/p>\n<p><a href=\"http:\/\/www.demona.de\/blog\/wp-content\/uploads\/2013\/04\/DSC0091.jpg\"><img loading=\"lazy\" decoding=\"async\" class=\"alignnone size-full wp-image-3529\" alt=\"_DSC0091\" src=\"http:\/\/www.demona.de\/blog\/wp-content\/uploads\/2013\/04\/DSC0091.jpg\" width=\"450\" height=\"284\" srcset=\"http:\/\/www.demona.de\/blog\/wp-content\/uploads\/2013\/04\/DSC0091.jpg 450w, http:\/\/www.demona.de\/blog\/wp-content\/uploads\/2013\/04\/DSC0091-300x189.jpg 300w\" sizes=\"auto, (max-width: 450px) 100vw, 450px\" \/><\/a><\/p>\n","protected":false},"excerpt":{"rendered":"<p>Meine G\u00fcte&#8230; jetzt ist er schon 6 Jahre alt! Es ist wirklich kaum zu glauben, aber Simba wirkt keinen Tag \u00e4lter, seit er vor 4 Jahren als Pflegehund (pfff&#8230; als ob man so einen Hund wieder weggeben k\u00f6nnte!)\u00a0bei uns eingezogen ist. \u00a0Weder ist er grauer geworden, noch ruhiger oder irgendwie &#8222;erwachsener&#8220;. Dieser Kerl ist einfach [&hellip;]<\/p>\n","protected":false},"author":2,"featured_media":0,"comment_status":"open","ping_status":"closed","sticky":false,"template":"","format":"standard","meta":{"ngg_post_thumbnail":0,"footnotes":""},"categories":[5],"tags":[],"class_list":["post-3527","post","type-post","status-publish","format-standard","hentry","category-wauzis"],"_links":{"self":[{"href":"http:\/\/www.demona.de\/blog\/index.php?rest_route=\/wp\/v2\/posts\/3527","targetHints":{"allow":["GET"]}}],"collection":[{"href":"http:\/\/www.demona.de\/blog\/index.php?rest_route=\/wp\/v2\/posts"}],"about":[{"href":"http:\/\/www.demona.de\/blog\/index.php?rest_route=\/wp\/v2\/types\/post"}],"author":[{"embeddable":true,"href":"http:\/\/www.demona.de\/blog\/index.php?rest_route=\/wp\/v2\/users\/2"}],"replies":[{"embeddable":true,"href":"http:\/\/www.demona.de\/blog\/index.php?rest_route=%2Fwp%2Fv2%2Fcomments&post=3527"}],"version-history":[{"count":4,"href":"http:\/\/www.demona.de\/blog\/index.php?rest_route=\/wp\/v2\/posts\/3527\/revisions"}],"predecessor-version":[{"id":3533,"href":"http:\/\/www.demona.de\/blog\/index.php?rest_route=\/wp\/v2\/posts\/3527\/revisions\/3533"}],"wp:attachment":[{"href":"http:\/\/www.demona.de\/blog\/index.php?rest_route=%2Fwp%2Fv2%2Fmedia&parent=3527"}],"wp:term":[{"taxonomy":"category","embeddable":true,"href":"http:\/\/www.demona.de\/blog\/index.php?rest_route=%2Fwp%2Fv2%2Fcategories&post=3527"},{"taxonomy":"post_tag","embeddable":true,"href":"http:\/\/www.demona.de\/blog\/index.php?rest_route=%2Fwp%2Fv2%2Ftags&post=3527"}],"curies":[{"name":"wp","href":"https:\/\/api.w.org\/{rel}","templated":true}]}}