{"id":3468,"date":"2013-02-18T11:02:17","date_gmt":"2013-02-18T11:02:17","guid":{"rendered":"http:\/\/www.demona.de\/blog\/?p=3468"},"modified":"2013-03-02T11:22:07","modified_gmt":"2013-03-02T11:22:07","slug":"gott-in-weiss","status":"publish","type":"post","link":"http:\/\/www.demona.de\/blog\/?p=3468","title":{"rendered":"&#8222;Gott in weiss&#8220;"},"content":{"rendered":"<p>Tja&#8230; daf\u00fcr scheint sich zumindest der Troisdorfer Pulmonologe zu halten, der die Praxis meines alten Lungenfacharztes \u00fcbernommen hat.<br \/>\n<a href=\"http:\/\/www.demona.de\/blog\/wp-content\/uploads\/2011\/05\/d025.gif\"><img loading=\"lazy\" decoding=\"async\" class=\"alignnone size-full wp-image-1099\" alt=\"mund verziehen\" src=\"http:\/\/www.demona.de\/blog\/wp-content\/uploads\/2011\/05\/d025.gif\" width=\"15\" height=\"16\" \/><\/a><br \/>\nWir haben schon bei meinem zweiten Termin dort eine kleine &#8222;Diskussion&#8220; gehabt, weil er meinte, ich m\u00fcsse die Hunde abschaffen. Als ich dann heute erneut da war, ich am Sauerstoff hing \u00a0und er mich anpampte, &#8222;<strong>Schaffen Sie die Hunde gef\u00e4lligst sofort ab<\/strong>!&#8220; &#8230;. war dann endg\u00fcltig Schluss mit lustig bei mir. \u00a0Ein Wort gab das n\u00e4chste und schlie\u00dflich habe ich ihm vor versammelter Mannschaft attestiert, dass er ein &#8222;Vollidiot&#8220; ist.<\/p>\n<p>Mich regen solche \u00c4rzte unglaublich auf, die einfach nicht das Gesamtbild betrachten.<\/p>\n<p>Sicher&#8230; ich bin gegen Hundehaare allergisch, reagiere aber mittlerweile fast nur noch \u00fcber die Haut&#8230; \u00a0und die &#8222;Probleme&#8220;, die sie mir bereiten, sind nichts im Vergleich zu dem, was die Hunde mir psychisch und physisch bringen!<\/p>\n<p>Ich bin seit meinem 4. Lebensjahr schwere Asthmatikerin und habe &#8211; zum Schrecken meiner Kinder\u00e4rztin &#8211; meinen ersten Hund zu \u00a0meinem 7. Geburtstag bekommen. Und fortan ging es mir besser! Die \u00c4rztin war v\u00f6llig verdattert, weil die Allergietests eine deutliche Sprache sprachen&#8230; doch sie sah auch, wie gut mir meine Lilla tat und dass ich auf ihr langes Fell \u00fcberhaupt nicht reagierte!<\/p>\n<p>Im Laufe der Jahre ver\u00e4nderten sich meine Beschwerden&#8230; nach einer Phase, in der es mir sehr gut ging, bekam ich verst\u00e4rkt infektbedingte Asthma-Anf\u00e4lle. Die allergische Komponente trat zunehmend in den Hintergrund.<\/p>\n<p>Nat\u00fcrlich sind die Allergene, mit denen ich mich tagt\u00e4glich umgebe (und damit zwangsl\u00e4ufig desensibilisiere) eine zus\u00e4tzliche Belastung f\u00fcr meine Bronchien, wenn es mir gerade nicht gut geht&#8230; doch die Hunde sind f\u00fcr mich Seelenbalsam (und man darf beim Asthma und\/oder Neurodermitis die psychische Komponente nicht untersch\u00e4tzen) und sie sind meine pers\u00f6nlichen Fitness-Trainer&#8230; denn ohne sie w\u00fcrde ich definitiv nicht tagt\u00e4glich bei Wind und Wetter an der frischen Luft unterwegs sein!<\/p>\n<p>Mein alter Doc wusste das und akzeptierte die Hunde daher, zumal er selber Katzenbesitzer war und wusste, dass so ein Tier in den meisten F\u00e4llen ein vollwertiges Familienmitglied ist, das man nicht einfach &#8222;entsorgen&#8220; kann. Und ihm war klar, dass es bestimmt auch den Hunden geschuldet \u00a0ist, dass ich keine massiven Folgesch\u00e4den an der Lunge habe&#8230; er hat mir mehr als einmal gesagt, dass er sich immer wieder immer meine super Lungenfunktion und die hervorragenden Blutgaswerte wundert&#8230;und dass ich eigentlich ein Fall f\u00fcr einen \u00c4rztekongress w\u00e4re.<br \/>\n<a href=\"http:\/\/www.demona.de\/blog\/wp-content\/uploads\/2011\/01\/80.gif\"><img loading=\"lazy\" decoding=\"async\" class=\"alignnone size-full wp-image-759\" alt=\"zwinker\" src=\"http:\/\/www.demona.de\/blog\/wp-content\/uploads\/2011\/01\/80.gif\" width=\"15\" height=\"15\" \/><\/a><br \/>\nSchade nur, dass sein Nachfolger nur strikt nach Lehrbuch behandelt und noch dazu null Sozialkompetenz hat.<\/p>\n<p>Wie auch immer: mit solchen Menschen muss ich mich nicht abgeben&#8230;und so suche ich mir nun einen neuen Facharzt.<\/p>\n<p>&nbsp;<\/p>\n<p>&nbsp;<\/p>\n","protected":false},"excerpt":{"rendered":"<p>Tja&#8230; daf\u00fcr scheint sich zumindest der Troisdorfer Pulmonologe zu halten, der die Praxis meines alten Lungenfacharztes \u00fcbernommen hat. Wir haben schon bei meinem zweiten Termin dort eine kleine &#8222;Diskussion&#8220; gehabt, weil er meinte, ich m\u00fcsse die Hunde abschaffen. Als ich dann heute erneut da war, ich am Sauerstoff hing \u00a0und er mich anpampte, &#8222;Schaffen Sie [&hellip;]<\/p>\n","protected":false},"author":2,"featured_media":0,"comment_status":"open","ping_status":"closed","sticky":false,"template":"","format":"standard","meta":{"ngg_post_thumbnail":0,"footnotes":""},"categories":[1,5],"tags":[],"class_list":["post-3468","post","type-post","status-publish","format-standard","hentry","category-allgemein","category-wauzis"],"_links":{"self":[{"href":"http:\/\/www.demona.de\/blog\/index.php?rest_route=\/wp\/v2\/posts\/3468","targetHints":{"allow":["GET"]}}],"collection":[{"href":"http:\/\/www.demona.de\/blog\/index.php?rest_route=\/wp\/v2\/posts"}],"about":[{"href":"http:\/\/www.demona.de\/blog\/index.php?rest_route=\/wp\/v2\/types\/post"}],"author":[{"embeddable":true,"href":"http:\/\/www.demona.de\/blog\/index.php?rest_route=\/wp\/v2\/users\/2"}],"replies":[{"embeddable":true,"href":"http:\/\/www.demona.de\/blog\/index.php?rest_route=%2Fwp%2Fv2%2Fcomments&post=3468"}],"version-history":[{"count":2,"href":"http:\/\/www.demona.de\/blog\/index.php?rest_route=\/wp\/v2\/posts\/3468\/revisions"}],"predecessor-version":[{"id":3470,"href":"http:\/\/www.demona.de\/blog\/index.php?rest_route=\/wp\/v2\/posts\/3468\/revisions\/3470"}],"wp:attachment":[{"href":"http:\/\/www.demona.de\/blog\/index.php?rest_route=%2Fwp%2Fv2%2Fmedia&parent=3468"}],"wp:term":[{"taxonomy":"category","embeddable":true,"href":"http:\/\/www.demona.de\/blog\/index.php?rest_route=%2Fwp%2Fv2%2Fcategories&post=3468"},{"taxonomy":"post_tag","embeddable":true,"href":"http:\/\/www.demona.de\/blog\/index.php?rest_route=%2Fwp%2Fv2%2Ftags&post=3468"}],"curies":[{"name":"wp","href":"https:\/\/api.w.org\/{rel}","templated":true}]}}