{"id":3447,"date":"2013-02-13T17:08:00","date_gmt":"2013-02-13T17:08:00","guid":{"rendered":"http:\/\/www.demona.de\/blog\/?p=3447"},"modified":"2013-02-26T07:24:43","modified_gmt":"2013-02-26T07:24:43","slug":"mutter-mit-angstkind","status":"publish","type":"post","link":"http:\/\/www.demona.de\/blog\/?p=3447","title":{"rendered":"Mutter mit Angstkind"},"content":{"rendered":"<p>Heute habe ich mich dann doch mit jedem Hund einmal um den Block geschleppt&#8230; sprich: jeder ist um die Mittagszeit wenigstens mal zum L\u00f6sen und Schn\u00fcffeln f\u00fcr 10 Minuten aus dem Haus gekommen. Wirklich aufmerksam und aufnahmef\u00e4hig war ich zwar nicht, aber ich musste ja nur langsam hinter meinen Wauzis herd\u00fcmpeln&#8230;.<\/p>\n<p>Als ich nun mit Simba unterwegs war, der an der langen Leine gem\u00fctlich vor mir herscharwenzelte, liefen wir direkt auf unsere &#8222;neue&#8220; Nachbarin zu&#8230; einer jungen Asiatin, die offenbar gerade ihr zweites Kind bekommen hat. Sie schob jedenfalls einen gro\u00dfen Kinderwagen vor sich her und ihr Erstgeborener (noch im Kinderkartenalter) stapfte einige Meter hinter ihr her.<\/p>\n<p>Und nun kam der Hammer!<\/p>\n<p>Dicker Wattekopf hin oder her&#8230;. der guten Frau war NULL Beunruhigung anzusehen. Sie sah mich, gr\u00fc\u00dfte freundlich und ging unbek\u00fcmmert auf dem schmalen B\u00fcrgersteig weiter. Simba &#8211; immer noch an der lockeren Leine &#8211; latschte popowackelnd an ihr vorbei&#8230; und geriet somit in das Sichtfeld des kleinen Jungen, der einen gellenden Schrei ausstie\u00df, sich rumdrehte und \u00fcber die Stra\u00dfe rennen wollte&#8230;auf der sich gerade ein Auto n\u00e4herte!<\/p>\n<p>Ich br\u00fcllte sofort &#8222;STOP!&#8220; &#8230;und der kleine Simon blieb gl\u00fccklicherweise erschrocken stehen. Hapuuh!<\/p>\n<p>Die Mutter lie\u00df daraufhin den Kinderwagen stehen und rannte erschrocken zur\u00fcck, derweil ich dem Kleinen sagte, er d\u00fcrfe niemals \u00fcber die Stra\u00dfe laufen&#8230; WIR k\u00f6nnten ausweichen&#8230; was wir dann auch taten.<\/p>\n<p>Im anschlie\u00dfenden Gespr\u00e4ch mit der Mutter stellte sich heraus, dass ihr bekannt war, wie sehr sich der Kleine f\u00fcrchtet, seitdem er vor einem knappen Jahr von einem Kleinhund angesprungen (aber nicht verletzt) worden ist.<\/p>\n<p>Was ich dann nur nicht verstehe: wie man dann so gedankenlos weitergehen kann, wenn einem ein Hund entgegenkommt&#8230;. und warum man dann nicht aktiv versucht, dem Kind die Angst mit absolut ruhigen und souver\u00e4nen Hunden zu nehmen&#8230;. zumal sie ja\u00a0<strong>direkt<\/strong> neben uns wohnt und mit Vega &amp; Simba die idealen Kinderhunde hat, im Sinne von nicht \u00fcberdreht, absolut cool, freundlich und gut im Gehorsam stehend. *kopfsch\u00fcttel*<\/p>\n<p>Sorry&#8230; aber wenn man das so &#8222;schleifen&#8220; l\u00e4sst, verst\u00e4rkt sich die Phobie ins Unermessliche und das Kind wird es im Laufe der Jahre sicher nicht einfacher haben.<br \/>\n<a href=\"http:\/\/www.demona.de\/blog\/wp-content\/uploads\/2011\/02\/d015.gif\"><img loading=\"lazy\" decoding=\"async\" class=\"alignnone size-full wp-image-786\" alt=\"traurig\" src=\"http:\/\/www.demona.de\/blog\/wp-content\/uploads\/2011\/02\/d015.gif\" width=\"15\" height=\"17\" \/><\/a><\/p>\n","protected":false},"excerpt":{"rendered":"<p>Heute habe ich mich dann doch mit jedem Hund einmal um den Block geschleppt&#8230; sprich: jeder ist um die Mittagszeit wenigstens mal zum L\u00f6sen und Schn\u00fcffeln f\u00fcr 10 Minuten aus dem Haus gekommen. Wirklich aufmerksam und aufnahmef\u00e4hig war ich zwar nicht, aber ich musste ja nur langsam hinter meinen Wauzis herd\u00fcmpeln&#8230;. Als ich nun mit [&hellip;]<\/p>\n","protected":false},"author":2,"featured_media":0,"comment_status":"open","ping_status":"closed","sticky":false,"template":"","format":"standard","meta":{"ngg_post_thumbnail":0,"footnotes":""},"categories":[5],"tags":[],"class_list":["post-3447","post","type-post","status-publish","format-standard","hentry","category-wauzis"],"_links":{"self":[{"href":"http:\/\/www.demona.de\/blog\/index.php?rest_route=\/wp\/v2\/posts\/3447","targetHints":{"allow":["GET"]}}],"collection":[{"href":"http:\/\/www.demona.de\/blog\/index.php?rest_route=\/wp\/v2\/posts"}],"about":[{"href":"http:\/\/www.demona.de\/blog\/index.php?rest_route=\/wp\/v2\/types\/post"}],"author":[{"embeddable":true,"href":"http:\/\/www.demona.de\/blog\/index.php?rest_route=\/wp\/v2\/users\/2"}],"replies":[{"embeddable":true,"href":"http:\/\/www.demona.de\/blog\/index.php?rest_route=%2Fwp%2Fv2%2Fcomments&post=3447"}],"version-history":[{"count":2,"href":"http:\/\/www.demona.de\/blog\/index.php?rest_route=\/wp\/v2\/posts\/3447\/revisions"}],"predecessor-version":[{"id":3449,"href":"http:\/\/www.demona.de\/blog\/index.php?rest_route=\/wp\/v2\/posts\/3447\/revisions\/3449"}],"wp:attachment":[{"href":"http:\/\/www.demona.de\/blog\/index.php?rest_route=%2Fwp%2Fv2%2Fmedia&parent=3447"}],"wp:term":[{"taxonomy":"category","embeddable":true,"href":"http:\/\/www.demona.de\/blog\/index.php?rest_route=%2Fwp%2Fv2%2Fcategories&post=3447"},{"taxonomy":"post_tag","embeddable":true,"href":"http:\/\/www.demona.de\/blog\/index.php?rest_route=%2Fwp%2Fv2%2Ftags&post=3447"}],"curies":[{"name":"wp","href":"https:\/\/api.w.org\/{rel}","templated":true}]}}