{"id":3440,"date":"2013-02-13T16:43:06","date_gmt":"2013-02-13T16:43:06","guid":{"rendered":"http:\/\/www.demona.de\/blog\/?p=3440"},"modified":"2013-02-26T07:07:27","modified_gmt":"2013-02-26T07:07:27","slug":"groses-lob-an-karlie","status":"publish","type":"post","link":"http:\/\/www.demona.de\/blog\/?p=3440","title":{"rendered":"gro\u00dfes Lob an Karlie"},"content":{"rendered":"<p>Ich muss schon sagen: die Heimtierbedarf-Firma Karlie hat mich extrem positiv \u00fcberrascht, nachdem ich sie per mail \u00fcber mein &#8222;Eisb\u00e4r-Fiasko&#8220; informiert und nachgefragt hatte, ob ihr eine Produktions\u00e4nderung bekannt sei.\u00a0Obwohl ich nicht direkt bei Karlie bestellt hatte (sondern meine eigentlichen Reklamationen ja bei zwei Online-H\u00e4ndlern eingetrudelt waren), bot man mir sofort einen kostenfreien Ersatzmantel f\u00fcr Vega an!<br \/>\n<a href=\"http:\/\/www.demona.de\/blog\/wp-content\/uploads\/2011\/01\/a020.gif\"><img loading=\"lazy\" decoding=\"async\" class=\"alignnone size-full wp-image-640\" alt=\"Daumen hoch\" src=\"http:\/\/www.demona.de\/blog\/wp-content\/uploads\/2011\/01\/a020.gif\" width=\"23\" height=\"20\" \/><\/a><br \/>\nHeute kam dann der elegante (und sauteure) Touchdog Outdoormantel in wunschrot. Atmungsaktiv, wind- und wasserabweisend, super verarbeitet, formsch\u00f6n.<\/p>\n<p><a href=\"http:\/\/www.demona.de\/blog\/wp-content\/uploads\/2013\/02\/touchdog.jpg\"><img loading=\"lazy\" decoding=\"async\" class=\"alignnone size-full wp-image-3442\" alt=\"touchdog\" src=\"http:\/\/www.demona.de\/blog\/wp-content\/uploads\/2013\/02\/touchdog.jpg\" width=\"402\" height=\"192\" srcset=\"http:\/\/www.demona.de\/blog\/wp-content\/uploads\/2013\/02\/touchdog.jpg 402w, http:\/\/www.demona.de\/blog\/wp-content\/uploads\/2013\/02\/touchdog-300x143.jpg 300w\" sizes=\"auto, (max-width: 402px) 100vw, 402px\" \/><\/a><\/p>\n<p>Quelle: <a href=\"http:\/\/www.karlie.de\/karlie\/de\/Webseite_neu-Shop-ShopDetail_3117\/cat\/Hunde\/prod\/Touchdog_Maentel_Outdoor_verschn_Groessen_Farbe_rosa_schwarz_rot__139431\/\" target=\"_blank\">Karlie Touchdog Outdoormantel\u00a0<\/a><\/p>\n<p>Er ist nur leider&#8230; ihr ahnt es schon *zwinker* &#8230; nicht dick genug.<\/p>\n<p>Au\u00dferdem passt der Mantel zwar von der R\u00fcckenl\u00e4nge perfekt&#8230; doch bekomme ich ihn vorne nicht geschlossen, da der Halsumfang eines Molossers wohl bei der Produktion nicht einkalkuliert worden ist.<\/p>\n<p>Simba ist zwar kleiner als Vega, doch hat der einen typischen R\u00fcden-Bollerkopf mit ordentlichem Halsumfang. Sprich: auch <span style=\"text-decoration: underline;\">er<\/span> kann den Mantel nicht tragen.\u00a0Und Mortisha w\u00fcrde darin versinken.<br \/>\n<a href=\"http:\/\/www.demona.de\/blog\/wp-content\/uploads\/2011\/01\/a055.gif\"><img loading=\"lazy\" decoding=\"async\" class=\"alignnone size-full wp-image-712\" alt=\"lauthalslach\" src=\"http:\/\/www.demona.de\/blog\/wp-content\/uploads\/2011\/01\/a055.gif\" width=\"15\" height=\"19\" \/><\/a><br \/>\nMein Fazit: Da ich mittlerweile 4 neue M\u00e4ntel hier habe, die f\u00fcr unsere Zwecke nicht geeignet sind, werde ich online keine mehr bestellen&#8230;. sondern hoffen, dass ich im station\u00e4ren Handel f\u00fcndig werde, wo ich die Qualit\u00e4t selber begutachten kann.<\/p>\n<p><strong>An dieser Stelle trotzdem noch einmal einen ganz herzlichen Dank an Karlie und an ihre \u00fcberaus freundliche und bem\u00fchte Marketing-Abteilung!<br \/>\n<\/strong><br \/>\nDer Touchdog-Mantel ist als Fr\u00fchjahrs- bzw. Herbstregenmantel garantiert empfehlenswert, vor allem vor den modebewussten Hund bzw. Halter von heute.<\/p>\n<p>&#8230;und ich werde hoffentlich irgendwann einen passenden Hund f\u00fcr den Mantel haben&#8230; wenn schon kein eigener (da wir in der Regel die stabileren Hundetypen haben), dann eben ein Tierschutzhund.<br \/>\n<a href=\"http:\/\/www.demona.de\/blog\/wp-content\/uploads\/2011\/01\/80.gif\"><img loading=\"lazy\" decoding=\"async\" class=\"alignnone size-full wp-image-759\" alt=\"zwinker\" src=\"http:\/\/www.demona.de\/blog\/wp-content\/uploads\/2011\/01\/80.gif\" width=\"15\" height=\"15\" \/><\/a><\/p>\n","protected":false},"excerpt":{"rendered":"<p>Ich muss schon sagen: die Heimtierbedarf-Firma Karlie hat mich extrem positiv \u00fcberrascht, nachdem ich sie per mail \u00fcber mein &#8222;Eisb\u00e4r-Fiasko&#8220; informiert und nachgefragt hatte, ob ihr eine Produktions\u00e4nderung bekannt sei.\u00a0Obwohl ich nicht direkt bei Karlie bestellt hatte (sondern meine eigentlichen Reklamationen ja bei zwei Online-H\u00e4ndlern eingetrudelt waren), bot man mir sofort einen kostenfreien Ersatzmantel f\u00fcr [&hellip;]<\/p>\n","protected":false},"author":2,"featured_media":0,"comment_status":"open","ping_status":"closed","sticky":false,"template":"","format":"standard","meta":{"ngg_post_thumbnail":0,"footnotes":""},"categories":[5],"tags":[],"class_list":["post-3440","post","type-post","status-publish","format-standard","hentry","category-wauzis"],"_links":{"self":[{"href":"http:\/\/www.demona.de\/blog\/index.php?rest_route=\/wp\/v2\/posts\/3440","targetHints":{"allow":["GET"]}}],"collection":[{"href":"http:\/\/www.demona.de\/blog\/index.php?rest_route=\/wp\/v2\/posts"}],"about":[{"href":"http:\/\/www.demona.de\/blog\/index.php?rest_route=\/wp\/v2\/types\/post"}],"author":[{"embeddable":true,"href":"http:\/\/www.demona.de\/blog\/index.php?rest_route=\/wp\/v2\/users\/2"}],"replies":[{"embeddable":true,"href":"http:\/\/www.demona.de\/blog\/index.php?rest_route=%2Fwp%2Fv2%2Fcomments&post=3440"}],"version-history":[{"count":5,"href":"http:\/\/www.demona.de\/blog\/index.php?rest_route=\/wp\/v2\/posts\/3440\/revisions"}],"predecessor-version":[{"id":3446,"href":"http:\/\/www.demona.de\/blog\/index.php?rest_route=\/wp\/v2\/posts\/3440\/revisions\/3446"}],"wp:attachment":[{"href":"http:\/\/www.demona.de\/blog\/index.php?rest_route=%2Fwp%2Fv2%2Fmedia&parent=3440"}],"wp:term":[{"taxonomy":"category","embeddable":true,"href":"http:\/\/www.demona.de\/blog\/index.php?rest_route=%2Fwp%2Fv2%2Fcategories&post=3440"},{"taxonomy":"post_tag","embeddable":true,"href":"http:\/\/www.demona.de\/blog\/index.php?rest_route=%2Fwp%2Fv2%2Ftags&post=3440"}],"curies":[{"name":"wp","href":"https:\/\/api.w.org\/{rel}","templated":true}]}}