{"id":3437,"date":"2013-02-12T06:35:47","date_gmt":"2013-02-12T06:35:47","guid":{"rendered":"http:\/\/www.demona.de\/blog\/?p=3437"},"modified":"2013-02-26T06:41:24","modified_gmt":"2013-02-26T06:41:24","slug":"kalt-erwischt","status":"publish","type":"post","link":"http:\/\/www.demona.de\/blog\/?p=3437","title":{"rendered":"kalt erwischt"},"content":{"rendered":"<p>Na, super&#8230; nu&#8216; hat es mich doch erwischt:<\/p>\n<p>Gestern Mittag ging es los mit erh\u00f6hter Temperatur, abwechselnd Sch\u00fcttelfrost und Hitzewallungen, Kopf- und Gliederschmerzen, Husten, Schnupfen und Atemnot. Problem ist bei mir dann gleich die angeschlagene Asthmatiker-Lunge&#8230;. und das Herzrasen durch die vielen Medikamente. Ich f\u00fchle mich zur Zeit jedenfalls so schlecht wie seit Jahren nicht mehr und wie gesch\u00e4tzte 85 Jahre kurz vor&#8217;m Exitus. *jammer*<\/p>\n<p>F\u00fcr die Hunde hei\u00dft es: sie m\u00fcssen tags\u00fcber mit dem Garten vorlieb nehmen und darauf warten, dass sich mein Mann sie nach der Arbeit schnappt und mit ihnen l\u00e4uft.<br \/>\nDie Armen!<br \/>\n<a href=\"http:\/\/www.demona.de\/blog\/wp-content\/uploads\/2011\/02\/d015.gif\"><img loading=\"lazy\" decoding=\"async\" class=\"alignnone size-full wp-image-786\" alt=\"traurig\" src=\"http:\/\/www.demona.de\/blog\/wp-content\/uploads\/2011\/02\/d015.gif\" width=\"15\" height=\"17\" \/><\/a><\/p>\n","protected":false},"excerpt":{"rendered":"<p>Na, super&#8230; nu&#8216; hat es mich doch erwischt: Gestern Mittag ging es los mit erh\u00f6hter Temperatur, abwechselnd Sch\u00fcttelfrost und Hitzewallungen, Kopf- und Gliederschmerzen, Husten, Schnupfen und Atemnot. Problem ist bei mir dann gleich die angeschlagene Asthmatiker-Lunge&#8230;. und das Herzrasen durch die vielen Medikamente. Ich f\u00fchle mich zur Zeit jedenfalls so schlecht wie seit Jahren nicht [&hellip;]<\/p>\n","protected":false},"author":2,"featured_media":0,"comment_status":"open","ping_status":"closed","sticky":false,"template":"","format":"standard","meta":{"ngg_post_thumbnail":0,"footnotes":""},"categories":[5],"tags":[],"class_list":["post-3437","post","type-post","status-publish","format-standard","hentry","category-wauzis"],"_links":{"self":[{"href":"http:\/\/www.demona.de\/blog\/index.php?rest_route=\/wp\/v2\/posts\/3437","targetHints":{"allow":["GET"]}}],"collection":[{"href":"http:\/\/www.demona.de\/blog\/index.php?rest_route=\/wp\/v2\/posts"}],"about":[{"href":"http:\/\/www.demona.de\/blog\/index.php?rest_route=\/wp\/v2\/types\/post"}],"author":[{"embeddable":true,"href":"http:\/\/www.demona.de\/blog\/index.php?rest_route=\/wp\/v2\/users\/2"}],"replies":[{"embeddable":true,"href":"http:\/\/www.demona.de\/blog\/index.php?rest_route=%2Fwp%2Fv2%2Fcomments&post=3437"}],"version-history":[{"count":2,"href":"http:\/\/www.demona.de\/blog\/index.php?rest_route=\/wp\/v2\/posts\/3437\/revisions"}],"predecessor-version":[{"id":3439,"href":"http:\/\/www.demona.de\/blog\/index.php?rest_route=\/wp\/v2\/posts\/3437\/revisions\/3439"}],"wp:attachment":[{"href":"http:\/\/www.demona.de\/blog\/index.php?rest_route=%2Fwp%2Fv2%2Fmedia&parent=3437"}],"wp:term":[{"taxonomy":"category","embeddable":true,"href":"http:\/\/www.demona.de\/blog\/index.php?rest_route=%2Fwp%2Fv2%2Fcategories&post=3437"},{"taxonomy":"post_tag","embeddable":true,"href":"http:\/\/www.demona.de\/blog\/index.php?rest_route=%2Fwp%2Fv2%2Ftags&post=3437"}],"curies":[{"name":"wp","href":"https:\/\/api.w.org\/{rel}","templated":true}]}}