{"id":3428,"date":"2013-02-10T22:11:06","date_gmt":"2013-02-10T22:11:06","guid":{"rendered":"http:\/\/www.demona.de\/blog\/?p=3428"},"modified":"2013-04-21T09:17:13","modified_gmt":"2013-04-21T09:17:13","slug":"trailtag-in-langenfeld","status":"publish","type":"post","link":"http:\/\/www.demona.de\/blog\/?p=3428","title":{"rendered":"Trailtag in Langenfeld"},"content":{"rendered":"<p>Kalt war&#8217;s&#8230;.und leicht chaotisch&#8230; aber das Tr\u00fcppchen war echt nett, es gab leckere Karnevalskrapfen f\u00fcr die Zweibeiner (yummy!) und kniffelige Aufgaben f\u00fcr die Hunde!<\/p>\n<p>Vega hat z.B. einen Pet-Trail auf eine ihr unbekannte Labrador-H\u00fcndin laufen d\u00fcrfen, einen l\u00e4ngeren Trail durch Stadtgebiet und einen Negativ. Und wie erwartet hat sie alles super gemeistert!<br \/>\n<a href=\"http:\/\/www.demona.de\/blog\/wp-content\/uploads\/2011\/01\/a020.gif\"><img loading=\"lazy\" decoding=\"async\" class=\"alignnone size-full wp-image-640\" alt=\"Daumen hoch\" src=\"http:\/\/www.demona.de\/blog\/wp-content\/uploads\/2011\/01\/a020.gif\" width=\"23\" height=\"20\" \/><\/a><br \/>\nFl\u00f6ckchen war \u00fcbrigens auch mit von der Partie&#8230; und ich k\u00f6nnte mich jedesmal wegschmeissen, wie niedlich dieses Knuffelchen ist!<\/p>\n<p><a href=\"http:\/\/www.demona.de\/blog\/wp-content\/uploads\/2013\/02\/DSC0137.jpg\"><img loading=\"lazy\" decoding=\"async\" class=\"alignnone size-full wp-image-3429\" alt=\"_DSC0137\" src=\"http:\/\/www.demona.de\/blog\/wp-content\/uploads\/2013\/02\/DSC0137.jpg\" width=\"450\" height=\"300\" srcset=\"http:\/\/www.demona.de\/blog\/wp-content\/uploads\/2013\/02\/DSC0137.jpg 450w, http:\/\/www.demona.de\/blog\/wp-content\/uploads\/2013\/02\/DSC0137-300x200.jpg 300w\" sizes=\"auto, (max-width: 450px) 100vw, 450px\" \/><\/a><\/p>\n","protected":false},"excerpt":{"rendered":"<p>Kalt war&#8217;s&#8230;.und leicht chaotisch&#8230; aber das Tr\u00fcppchen war echt nett, es gab leckere Karnevalskrapfen f\u00fcr die Zweibeiner (yummy!) und kniffelige Aufgaben f\u00fcr die Hunde! Vega hat z.B. einen Pet-Trail auf eine ihr unbekannte Labrador-H\u00fcndin laufen d\u00fcrfen, einen l\u00e4ngeren Trail durch Stadtgebiet und einen Negativ. Und wie erwartet hat sie alles super gemeistert! Fl\u00f6ckchen war \u00fcbrigens [&hellip;]<\/p>\n","protected":false},"author":2,"featured_media":0,"comment_status":"closed","ping_status":"closed","sticky":false,"template":"","format":"standard","meta":{"ngg_post_thumbnail":0,"footnotes":""},"categories":[4],"tags":[],"class_list":["post-3428","post","type-post","status-publish","format-standard","hentry","category-mantrailing"],"_links":{"self":[{"href":"http:\/\/www.demona.de\/blog\/index.php?rest_route=\/wp\/v2\/posts\/3428","targetHints":{"allow":["GET"]}}],"collection":[{"href":"http:\/\/www.demona.de\/blog\/index.php?rest_route=\/wp\/v2\/posts"}],"about":[{"href":"http:\/\/www.demona.de\/blog\/index.php?rest_route=\/wp\/v2\/types\/post"}],"author":[{"embeddable":true,"href":"http:\/\/www.demona.de\/blog\/index.php?rest_route=\/wp\/v2\/users\/2"}],"replies":[{"embeddable":true,"href":"http:\/\/www.demona.de\/blog\/index.php?rest_route=%2Fwp%2Fv2%2Fcomments&post=3428"}],"version-history":[{"count":4,"href":"http:\/\/www.demona.de\/blog\/index.php?rest_route=\/wp\/v2\/posts\/3428\/revisions"}],"predecessor-version":[{"id":3432,"href":"http:\/\/www.demona.de\/blog\/index.php?rest_route=\/wp\/v2\/posts\/3428\/revisions\/3432"}],"wp:attachment":[{"href":"http:\/\/www.demona.de\/blog\/index.php?rest_route=%2Fwp%2Fv2%2Fmedia&parent=3428"}],"wp:term":[{"taxonomy":"category","embeddable":true,"href":"http:\/\/www.demona.de\/blog\/index.php?rest_route=%2Fwp%2Fv2%2Fcategories&post=3428"},{"taxonomy":"post_tag","embeddable":true,"href":"http:\/\/www.demona.de\/blog\/index.php?rest_route=%2Fwp%2Fv2%2Ftags&post=3428"}],"curies":[{"name":"wp","href":"https:\/\/api.w.org\/{rel}","templated":true}]}}