{"id":3410,"date":"2013-02-07T17:44:45","date_gmt":"2013-02-07T17:44:45","guid":{"rendered":"http:\/\/www.demona.de\/blog\/?p=3410"},"modified":"2013-02-19T08:22:27","modified_gmt":"2013-02-19T08:22:27","slug":"thermo-mantel-von-wegen","status":"publish","type":"post","link":"http:\/\/www.demona.de\/blog\/?p=3410","title":{"rendered":"Thermo-Mantel&#8230; von wegen!"},"content":{"rendered":"<p>Nach der Eisb\u00e4r-Entt\u00e4uschung musste schnellstm\u00f6glich ein w\u00e4rmender Ersatz her&#8230; deshalb hatte ich einen Thermo-Mantel von Loesdau bestellt, von dem ich von mehreren Hundehaltern positive R\u00fcckmeldungen erhalten hatte.<\/p>\n<p>Obwohl er nur in grau erh\u00e4ltlich ist und nicht gerade das eleganteste Design hat (sieht im Grunde aus wie eine Pferdedecke und stammt ja auch aus dem Pferdebedarf), sitzt er gut, ist leicht anzuziehen und w\u00e4rmt recht gut&#8230; allerdings nicht in dem Ma\u00dfe, wie ich es mir gew\u00fcnscht h\u00e4tte.<\/p>\n<p>Irgendwie verstehe ich offenbar unter dem Begriff &#8222;Thermo&#8220; etwas anders als Mantel-Hersteller. *seufz*<\/p>\n<p><a href=\"http:\/\/www.demona.de\/blog\/wp-content\/uploads\/2013\/02\/loesdau.jpg\"><img loading=\"lazy\" decoding=\"async\" class=\"alignnone size-full wp-image-3411\" alt=\"loesdau\" src=\"http:\/\/www.demona.de\/blog\/wp-content\/uploads\/2013\/02\/loesdau.jpg\" width=\"450\" height=\"300\" srcset=\"http:\/\/www.demona.de\/blog\/wp-content\/uploads\/2013\/02\/loesdau.jpg 450w, http:\/\/www.demona.de\/blog\/wp-content\/uploads\/2013\/02\/loesdau-300x200.jpg 300w\" sizes=\"auto, (max-width: 450px) 100vw, 450px\" \/><\/a><\/p>\n<p>&nbsp;<\/p>\n","protected":false},"excerpt":{"rendered":"<p>Nach der Eisb\u00e4r-Entt\u00e4uschung musste schnellstm\u00f6glich ein w\u00e4rmender Ersatz her&#8230; deshalb hatte ich einen Thermo-Mantel von Loesdau bestellt, von dem ich von mehreren Hundehaltern positive R\u00fcckmeldungen erhalten hatte. Obwohl er nur in grau erh\u00e4ltlich ist und nicht gerade das eleganteste Design hat (sieht im Grunde aus wie eine Pferdedecke und stammt ja auch aus dem Pferdebedarf), [&hellip;]<\/p>\n","protected":false},"author":2,"featured_media":0,"comment_status":"open","ping_status":"closed","sticky":false,"template":"","format":"standard","meta":{"ngg_post_thumbnail":0,"footnotes":""},"categories":[5],"tags":[],"class_list":["post-3410","post","type-post","status-publish","format-standard","hentry","category-wauzis"],"_links":{"self":[{"href":"http:\/\/www.demona.de\/blog\/index.php?rest_route=\/wp\/v2\/posts\/3410","targetHints":{"allow":["GET"]}}],"collection":[{"href":"http:\/\/www.demona.de\/blog\/index.php?rest_route=\/wp\/v2\/posts"}],"about":[{"href":"http:\/\/www.demona.de\/blog\/index.php?rest_route=\/wp\/v2\/types\/post"}],"author":[{"embeddable":true,"href":"http:\/\/www.demona.de\/blog\/index.php?rest_route=\/wp\/v2\/users\/2"}],"replies":[{"embeddable":true,"href":"http:\/\/www.demona.de\/blog\/index.php?rest_route=%2Fwp%2Fv2%2Fcomments&post=3410"}],"version-history":[{"count":4,"href":"http:\/\/www.demona.de\/blog\/index.php?rest_route=\/wp\/v2\/posts\/3410\/revisions"}],"predecessor-version":[{"id":3414,"href":"http:\/\/www.demona.de\/blog\/index.php?rest_route=\/wp\/v2\/posts\/3410\/revisions\/3414"}],"wp:attachment":[{"href":"http:\/\/www.demona.de\/blog\/index.php?rest_route=%2Fwp%2Fv2%2Fmedia&parent=3410"}],"wp:term":[{"taxonomy":"category","embeddable":true,"href":"http:\/\/www.demona.de\/blog\/index.php?rest_route=%2Fwp%2Fv2%2Fcategories&post=3410"},{"taxonomy":"post_tag","embeddable":true,"href":"http:\/\/www.demona.de\/blog\/index.php?rest_route=%2Fwp%2Fv2%2Ftags&post=3410"}],"curies":[{"name":"wp","href":"https:\/\/api.w.org\/{rel}","templated":true}]}}