{"id":3405,"date":"2013-02-06T17:27:37","date_gmt":"2013-02-06T17:27:37","guid":{"rendered":"http:\/\/www.demona.de\/blog\/?p=3405"},"modified":"2013-02-19T07:36:59","modified_gmt":"2013-02-19T07:36:59","slug":"vega-chanel","status":"publish","type":"post","link":"http:\/\/www.demona.de\/blog\/?p=3405","title":{"rendered":"Vega &#038; Chanel"},"content":{"rendered":"<p>Nach langer Zeit waren wir endlich mal wieder mit den beiden Damen Chanel (eine wundersch\u00f6ne Schwarzmasken-Bordeauxdogge) und Vega in der Wahner Heide spazieren&#8230; \u00a0Mortisha musste leider zuhause bleiben, weil sie noch ihre Prellung auskurieren sollte&#8230;. und Simba hatte ich der Maus zur Gesellschaft dagelassen.<\/p>\n<p>Das hatte f\u00fcr mich den netten Nebeneffekt, nicht &#8222;aufpassen&#8220; zu m\u00fcssen&#8230; sei es in Bezug auf gemeinsame Jagden, sei es auf m\u00f6glicherweise kippendes Spiel.\u00a0Chanel\u00a0braucht n\u00e4mlich immer eine Weile, bevor sie &#8222;auftaut&#8220; und motzt dann schon mal los (sieht man auch gut auf dem Foto)&#8230; und dann motzt mein Trio geschlossen zur\u00fcck.<br \/>\n<img decoding=\"async\" title=\"*zunge rausstrecken*\" alt=\"\" src=\"http:\/\/www.molosserforum.de\/images\/smilies\/tongue.gif\" border=\"0\" \/><\/p>\n<p><a href=\"http:\/\/www.demona.de\/blog\/wp-content\/uploads\/2013\/02\/chanel_motz.jpg\"><img loading=\"lazy\" decoding=\"async\" class=\"alignnone size-full wp-image-3407\" alt=\"chanel_motz\" src=\"http:\/\/www.demona.de\/blog\/wp-content\/uploads\/2013\/02\/chanel_motz.jpg\" width=\"450\" height=\"300\" srcset=\"http:\/\/www.demona.de\/blog\/wp-content\/uploads\/2013\/02\/chanel_motz.jpg 450w, http:\/\/www.demona.de\/blog\/wp-content\/uploads\/2013\/02\/chanel_motz-300x200.jpg 300w\" sizes=\"auto, (max-width: 450px) 100vw, 450px\" \/><\/a><\/p>\n<p>&nbsp;<\/p>\n<p>Keine Sorge: Chanel zieht niemals durch und Vega ist nichts passiert! *lach*<\/p>\n<p>Den restlichen Fotobericht k\u00f6nnt ihr euch im Molosserforum angucken:\u00a0<a href=\"http:\/\/www.molosserforum.de\/fotos\/21304-vega-and-chanel.html\" target=\"_blank\">http:\/\/www.molosserforum.de\/fotos\/21304-vega-and-chanel.html<\/a><\/p>\n","protected":false},"excerpt":{"rendered":"<p>Nach langer Zeit waren wir endlich mal wieder mit den beiden Damen Chanel (eine wundersch\u00f6ne Schwarzmasken-Bordeauxdogge) und Vega in der Wahner Heide spazieren&#8230; \u00a0Mortisha musste leider zuhause bleiben, weil sie noch ihre Prellung auskurieren sollte&#8230;. und Simba hatte ich der Maus zur Gesellschaft dagelassen. Das hatte f\u00fcr mich den netten Nebeneffekt, nicht &#8222;aufpassen&#8220; zu m\u00fcssen&#8230; [&hellip;]<\/p>\n","protected":false},"author":2,"featured_media":0,"comment_status":"open","ping_status":"closed","sticky":false,"template":"","format":"standard","meta":{"ngg_post_thumbnail":0,"footnotes":""},"categories":[5],"tags":[],"class_list":["post-3405","post","type-post","status-publish","format-standard","hentry","category-wauzis"],"_links":{"self":[{"href":"http:\/\/www.demona.de\/blog\/index.php?rest_route=\/wp\/v2\/posts\/3405","targetHints":{"allow":["GET"]}}],"collection":[{"href":"http:\/\/www.demona.de\/blog\/index.php?rest_route=\/wp\/v2\/posts"}],"about":[{"href":"http:\/\/www.demona.de\/blog\/index.php?rest_route=\/wp\/v2\/types\/post"}],"author":[{"embeddable":true,"href":"http:\/\/www.demona.de\/blog\/index.php?rest_route=\/wp\/v2\/users\/2"}],"replies":[{"embeddable":true,"href":"http:\/\/www.demona.de\/blog\/index.php?rest_route=%2Fwp%2Fv2%2Fcomments&post=3405"}],"version-history":[{"count":3,"href":"http:\/\/www.demona.de\/blog\/index.php?rest_route=\/wp\/v2\/posts\/3405\/revisions"}],"predecessor-version":[{"id":3409,"href":"http:\/\/www.demona.de\/blog\/index.php?rest_route=\/wp\/v2\/posts\/3405\/revisions\/3409"}],"wp:attachment":[{"href":"http:\/\/www.demona.de\/blog\/index.php?rest_route=%2Fwp%2Fv2%2Fmedia&parent=3405"}],"wp:term":[{"taxonomy":"category","embeddable":true,"href":"http:\/\/www.demona.de\/blog\/index.php?rest_route=%2Fwp%2Fv2%2Fcategories&post=3405"},{"taxonomy":"post_tag","embeddable":true,"href":"http:\/\/www.demona.de\/blog\/index.php?rest_route=%2Fwp%2Fv2%2Ftags&post=3405"}],"curies":[{"name":"wp","href":"https:\/\/api.w.org\/{rel}","templated":true}]}}