{"id":3218,"date":"2012-12-13T09:53:41","date_gmt":"2012-12-13T09:53:41","guid":{"rendered":"http:\/\/www.demona.de\/blog\/?p=3218"},"modified":"2012-12-22T10:11:59","modified_gmt":"2012-12-22T10:11:59","slug":"lebewohl-margarete","status":"publish","type":"post","link":"http:\/\/www.demona.de\/blog\/?p=3218","title":{"rendered":"Lebewohl, Margarete!"},"content":{"rendered":"<p>Im gesegneten Alter von 13 Jahren ist die spr\u00f6de Stafford-Boxer-Sch\u00f6nheit Margarete \u00fcber die Regenbogenbr\u00fccke gegangen:<\/p>\n<p><img loading=\"lazy\" decoding=\"async\" class=\"alignnone size-full wp-image-3219\" alt=\"margarete\" src=\"http:\/\/www.demona.de\/blog\/wp-content\/uploads\/2012\/12\/margarete.jpg\" width=\"338\" height=\"450\" srcset=\"http:\/\/www.demona.de\/blog\/wp-content\/uploads\/2012\/12\/margarete.jpg 338w, http:\/\/www.demona.de\/blog\/wp-content\/uploads\/2012\/12\/margarete-225x300.jpg 225w\" sizes=\"auto, (max-width: 338px) 100vw, 338px\" \/><\/p>\n<p>Nach schlimmen Schicksal und Tierheimaufenthalt hatte das Margaretchen vor knapp 10 Jahren das Gl\u00fcck, zu einem Paar mit ganz gro\u00dfem Herz &#8211; besonders f\u00fcr notleidende &#8222;Kampfhunde&#8220; &#8211; ziehen zu d\u00fcrfen. Dort wussten man sie und auch andere traumatisierte (und nicht ganz einfache) Hunde zu nehmen und ihr ein Paradies auf Erden zu bieten. So gest\u00e4rkt entpuppte sich die S\u00fc\u00dfe zu einer tollen und liebevollen Partnerin f\u00fcr den American Bulldog Mortimer, bei dessen Vermittlung wir vor drei Jahren behilflich sein durften&#8230; und so wurden wir immer wieder mit lustigen, liebevollen Berichten und wundersch\u00f6nen Bildern der beiden begl\u00fcckt.<\/p>\n<p>In dieser Zeit ist mir nicht nur das Margaretchen unglaublich ans Herz gewachsen, sondern auch ihr lustig-beklopptes Frauchen, und so f\u00fchle ich ganz stark mit ihren Menschen und mit Mortimer, der nicht verstehen kann, warum sein M\u00e4dchen nun fort ist&#8230;..<\/p>\n<p>F\u00fchlt euch gedr\u00fcckt, ihr Lieben!<\/p>\n","protected":false},"excerpt":{"rendered":"<p>Im gesegneten Alter von 13 Jahren ist die spr\u00f6de Stafford-Boxer-Sch\u00f6nheit Margarete \u00fcber die Regenbogenbr\u00fccke gegangen: Nach schlimmen Schicksal und Tierheimaufenthalt hatte das Margaretchen vor knapp 10 Jahren das Gl\u00fcck, zu einem Paar mit ganz gro\u00dfem Herz &#8211; besonders f\u00fcr notleidende &#8222;Kampfhunde&#8220; &#8211; ziehen zu d\u00fcrfen. Dort wussten man sie und auch andere traumatisierte (und nicht [&hellip;]<\/p>\n","protected":false},"author":2,"featured_media":0,"comment_status":"open","ping_status":"closed","sticky":false,"template":"","format":"standard","meta":{"ngg_post_thumbnail":0,"footnotes":""},"categories":[8],"tags":[],"class_list":["post-3218","post","type-post","status-publish","format-standard","hentry","category-regenbogenbrucke"],"_links":{"self":[{"href":"http:\/\/www.demona.de\/blog\/index.php?rest_route=\/wp\/v2\/posts\/3218","targetHints":{"allow":["GET"]}}],"collection":[{"href":"http:\/\/www.demona.de\/blog\/index.php?rest_route=\/wp\/v2\/posts"}],"about":[{"href":"http:\/\/www.demona.de\/blog\/index.php?rest_route=\/wp\/v2\/types\/post"}],"author":[{"embeddable":true,"href":"http:\/\/www.demona.de\/blog\/index.php?rest_route=\/wp\/v2\/users\/2"}],"replies":[{"embeddable":true,"href":"http:\/\/www.demona.de\/blog\/index.php?rest_route=%2Fwp%2Fv2%2Fcomments&post=3218"}],"version-history":[{"count":3,"href":"http:\/\/www.demona.de\/blog\/index.php?rest_route=\/wp\/v2\/posts\/3218\/revisions"}],"predecessor-version":[{"id":3222,"href":"http:\/\/www.demona.de\/blog\/index.php?rest_route=\/wp\/v2\/posts\/3218\/revisions\/3222"}],"wp:attachment":[{"href":"http:\/\/www.demona.de\/blog\/index.php?rest_route=%2Fwp%2Fv2%2Fmedia&parent=3218"}],"wp:term":[{"taxonomy":"category","embeddable":true,"href":"http:\/\/www.demona.de\/blog\/index.php?rest_route=%2Fwp%2Fv2%2Fcategories&post=3218"},{"taxonomy":"post_tag","embeddable":true,"href":"http:\/\/www.demona.de\/blog\/index.php?rest_route=%2Fwp%2Fv2%2Ftags&post=3218"}],"curies":[{"name":"wp","href":"https:\/\/api.w.org\/{rel}","templated":true}]}}