{"id":3202,"date":"2012-12-08T16:34:28","date_gmt":"2012-12-08T16:34:28","guid":{"rendered":"http:\/\/www.demona.de\/blog\/?p=3202"},"modified":"2012-12-18T06:42:46","modified_gmt":"2012-12-18T06:42:46","slug":"weise-pracht","status":"publish","type":"post","link":"http:\/\/www.demona.de\/blog\/?p=3202","title":{"rendered":"Wei\u00dfe Pracht"},"content":{"rendered":"<p>Hatte ich erw\u00e4hnt, dass wir die Schnee- und Winterzeit lieben?<br \/>\n<img loading=\"lazy\" decoding=\"async\" class=\"alignnone size-full wp-image-716\" alt=\"herz\" src=\"http:\/\/www.demona.de\/blog\/wp-content\/uploads\/2011\/01\/fa6f4fc0dac72965263ae8d8f88127b3.png\" width=\"16\" height=\"16\" \/><br \/>\nIch bef\u00fcrchte nur, dass die wei\u00dfe Pracht nicht lange lieben blieben wird&#8230;. auf den Stra\u00dfen wird bereits gestreut wie bl\u00f6de, noch dazu meist mit Salz. Und die n\u00e4chsten Tage sollen sonniger und w\u00e4rmer werden. *seufz*<\/p>\n<p>Hoffentlich schneit es noch mal, wenn es meinem R\u00fccken wieder gut geht und wir wirklich ausgedehnte Spazierg\u00e4nge machen k\u00f6nnen!<\/p>\n<p><img loading=\"lazy\" decoding=\"async\" class=\"alignnone size-full wp-image-3203\" alt=\"glitzerschnee\" src=\"http:\/\/www.demona.de\/blog\/wp-content\/uploads\/2012\/12\/glitzerschnee.jpg\" width=\"450\" height=\"277\" srcset=\"http:\/\/www.demona.de\/blog\/wp-content\/uploads\/2012\/12\/glitzerschnee.jpg 450w, http:\/\/www.demona.de\/blog\/wp-content\/uploads\/2012\/12\/glitzerschnee-300x184.jpg 300w\" sizes=\"auto, (max-width: 450px) 100vw, 450px\" \/><\/p>\n","protected":false},"excerpt":{"rendered":"<p>Hatte ich erw\u00e4hnt, dass wir die Schnee- und Winterzeit lieben? Ich bef\u00fcrchte nur, dass die wei\u00dfe Pracht nicht lange lieben blieben wird&#8230;. auf den Stra\u00dfen wird bereits gestreut wie bl\u00f6de, noch dazu meist mit Salz. Und die n\u00e4chsten Tage sollen sonniger und w\u00e4rmer werden. *seufz* Hoffentlich schneit es noch mal, wenn es meinem R\u00fccken wieder [&hellip;]<\/p>\n","protected":false},"author":2,"featured_media":0,"comment_status":"open","ping_status":"closed","sticky":false,"template":"","format":"standard","meta":{"ngg_post_thumbnail":0,"footnotes":""},"categories":[5],"tags":[],"class_list":["post-3202","post","type-post","status-publish","format-standard","hentry","category-wauzis"],"_links":{"self":[{"href":"http:\/\/www.demona.de\/blog\/index.php?rest_route=\/wp\/v2\/posts\/3202","targetHints":{"allow":["GET"]}}],"collection":[{"href":"http:\/\/www.demona.de\/blog\/index.php?rest_route=\/wp\/v2\/posts"}],"about":[{"href":"http:\/\/www.demona.de\/blog\/index.php?rest_route=\/wp\/v2\/types\/post"}],"author":[{"embeddable":true,"href":"http:\/\/www.demona.de\/blog\/index.php?rest_route=\/wp\/v2\/users\/2"}],"replies":[{"embeddable":true,"href":"http:\/\/www.demona.de\/blog\/index.php?rest_route=%2Fwp%2Fv2%2Fcomments&post=3202"}],"version-history":[{"count":2,"href":"http:\/\/www.demona.de\/blog\/index.php?rest_route=\/wp\/v2\/posts\/3202\/revisions"}],"predecessor-version":[{"id":3206,"href":"http:\/\/www.demona.de\/blog\/index.php?rest_route=\/wp\/v2\/posts\/3202\/revisions\/3206"}],"wp:attachment":[{"href":"http:\/\/www.demona.de\/blog\/index.php?rest_route=%2Fwp%2Fv2%2Fmedia&parent=3202"}],"wp:term":[{"taxonomy":"category","embeddable":true,"href":"http:\/\/www.demona.de\/blog\/index.php?rest_route=%2Fwp%2Fv2%2Fcategories&post=3202"},{"taxonomy":"post_tag","embeddable":true,"href":"http:\/\/www.demona.de\/blog\/index.php?rest_route=%2Fwp%2Fv2%2Ftags&post=3202"}],"curies":[{"name":"wp","href":"https:\/\/api.w.org\/{rel}","templated":true}]}}