{"id":2997,"date":"2012-10-21T15:41:01","date_gmt":"2012-10-21T15:41:01","guid":{"rendered":"http:\/\/www.demona.de\/blog\/?p=2997"},"modified":"2012-12-02T16:00:45","modified_gmt":"2012-12-02T16:00:45","slug":"ratselhafter-todesfall","status":"publish","type":"post","link":"http:\/\/www.demona.de\/blog\/?p=2997","title":{"rendered":"r\u00e4tselhafter Todesfall"},"content":{"rendered":"<p>Als wir heute Mittag verfr\u00fcht vom Trailen heimkamen, entdeckten wir im Garten einen toten Igel, den mir die Hunde am fr\u00fchen Morgen nicht angezeigt hatten.<\/p>\n<p>Der Anblick dieses kleinen Wesens mit dem s\u00fc\u00dfen N\u00e4schen und den zierlichen Pf\u00f6tchen krampfte mir das Herz zusammen: der Igel wirkte ganz friedlich, war auf den ersten Blick \u00e4u\u00dferlich unverletzt&#8230;doch fehlte ihm ein Gro\u00dfteil seiner Stacheln!<\/p>\n<p><a href=\"http:\/\/www.demona.de\/blog\/wp-content\/uploads\/2012\/12\/toter_igel.jpg\"><img loading=\"lazy\" decoding=\"async\" class=\"alignnone size-full wp-image-2998\" title=\"toter_igel\" src=\"http:\/\/www.demona.de\/blog\/wp-content\/uploads\/2012\/12\/toter_igel.jpg\" alt=\"\" width=\"450\" height=\"328\" srcset=\"http:\/\/www.demona.de\/blog\/wp-content\/uploads\/2012\/12\/toter_igel.jpg 450w, http:\/\/www.demona.de\/blog\/wp-content\/uploads\/2012\/12\/toter_igel-300x218.jpg 300w\" sizes=\"auto, (max-width: 450px) 100vw, 450px\" \/><\/a><\/p>\n<p>Als ich das Tierchen aufhob, fiel mir mitten auf dem R\u00fccken eine kleine Verletzung auf&#8230; ein gerader, absolut sauberer und kleiner Schnitt von vielleicht einem halben Zentimeter, der durch mehrere Hautschichten ging. Die Haut drumherum war weder entz\u00fcndet noch nekrotisch. Auch sah f\u00fcr mich als Igel-Laien die Haut ganz normal aus und nicht krankhaft ver\u00e4ndert.<\/p>\n<p>Was kann nur diese Verletzung verursacht haben?<br \/>\nUnd was hat zu dem Stachelausfall gef\u00fchrt?<\/p>\n<p>Auch wenn wir diese Fragen wohl nicht mehr kl\u00e4ren k\u00f6nnen, haben wir dem kleinen Tierchen wenigstens eine vern\u00fcnftige &#8222;Bestattung&#8220; geg\u00f6nnt: er ruht nun neben einem Blumenbeet in unserem Garten.<br \/>\nGute Reise, kleiner Igel!\u00a0<a href=\"http:\/\/www.demona.de\/blog\/wp-content\/uploads\/2011\/02\/d015.gif\"><img loading=\"lazy\" decoding=\"async\" class=\"alignnone size-full wp-image-786\" title=\"traurig\" src=\"http:\/\/www.demona.de\/blog\/wp-content\/uploads\/2011\/02\/d015.gif\" alt=\"\" width=\"15\" height=\"17\" \/><\/a><\/p>\n","protected":false},"excerpt":{"rendered":"<p>Als wir heute Mittag verfr\u00fcht vom Trailen heimkamen, entdeckten wir im Garten einen toten Igel, den mir die Hunde am fr\u00fchen Morgen nicht angezeigt hatten. Der Anblick dieses kleinen Wesens mit dem s\u00fc\u00dfen N\u00e4schen und den zierlichen Pf\u00f6tchen krampfte mir das Herz zusammen: der Igel wirkte ganz friedlich, war auf den ersten Blick \u00e4u\u00dferlich unverletzt&#8230;doch [&hellip;]<\/p>\n","protected":false},"author":2,"featured_media":0,"comment_status":"open","ping_status":"closed","sticky":false,"template":"","format":"standard","meta":{"ngg_post_thumbnail":0,"footnotes":""},"categories":[8],"tags":[],"class_list":["post-2997","post","type-post","status-publish","format-standard","hentry","category-regenbogenbrucke"],"_links":{"self":[{"href":"http:\/\/www.demona.de\/blog\/index.php?rest_route=\/wp\/v2\/posts\/2997","targetHints":{"allow":["GET"]}}],"collection":[{"href":"http:\/\/www.demona.de\/blog\/index.php?rest_route=\/wp\/v2\/posts"}],"about":[{"href":"http:\/\/www.demona.de\/blog\/index.php?rest_route=\/wp\/v2\/types\/post"}],"author":[{"embeddable":true,"href":"http:\/\/www.demona.de\/blog\/index.php?rest_route=\/wp\/v2\/users\/2"}],"replies":[{"embeddable":true,"href":"http:\/\/www.demona.de\/blog\/index.php?rest_route=%2Fwp%2Fv2%2Fcomments&post=2997"}],"version-history":[{"count":3,"href":"http:\/\/www.demona.de\/blog\/index.php?rest_route=\/wp\/v2\/posts\/2997\/revisions"}],"predecessor-version":[{"id":3001,"href":"http:\/\/www.demona.de\/blog\/index.php?rest_route=\/wp\/v2\/posts\/2997\/revisions\/3001"}],"wp:attachment":[{"href":"http:\/\/www.demona.de\/blog\/index.php?rest_route=%2Fwp%2Fv2%2Fmedia&parent=2997"}],"wp:term":[{"taxonomy":"category","embeddable":true,"href":"http:\/\/www.demona.de\/blog\/index.php?rest_route=%2Fwp%2Fv2%2Fcategories&post=2997"},{"taxonomy":"post_tag","embeddable":true,"href":"http:\/\/www.demona.de\/blog\/index.php?rest_route=%2Fwp%2Fv2%2Ftags&post=2997"}],"curies":[{"name":"wp","href":"https:\/\/api.w.org\/{rel}","templated":true}]}}