{"id":2752,"date":"2012-08-21T16:48:26","date_gmt":"2012-08-21T16:48:26","guid":{"rendered":"http:\/\/www.demona.de\/blog\/?p=2752"},"modified":"2012-09-01T15:59:39","modified_gmt":"2012-09-01T15:59:39","slug":"neue-verdachtsdiagnose","status":"publish","type":"post","link":"http:\/\/www.demona.de\/blog\/?p=2752","title":{"rendered":"neue Verdachtsdiagnose"},"content":{"rendered":"<p>Heute erfolgte das zweite Kontrollr\u00f6ntgen, bevor wir mit der geplanten Anabolika-Kur beginnen wollten.<\/p>\n<p>Auf den ersten Blick sah alles prima aus: im Frakturspalt hat sich sch\u00f6n Callus gebildet, der Bruch verheilt also gut und komplikationslos.<\/p>\n<p>Aaaber: \u00fcber der Bruchstelle und am Femur waren (\u00fcber Wochen unver\u00e4nderte) Verschattungen zu sehen, die sich nun deutlich vergr\u00f6\u00dfert haben. An der Fibula k\u00f6nnte das durch die Callusbildung bedingt sein, aber f\u00fcr die andere Stelle haben wir keine Erkl\u00e4rung&#8230;. au\u00dfer dass es sich evtl. um ein Chondrosakom (kein Osteosarkom) handelt.<\/p>\n<p>Sprich: b\u00f6sartiger Knochentumor, der aber korpelige Zubildungen verursacht, gerne gelenk\u00fcbergeifend (wie hier) vorkommt, aber kaum metastasiert, langsamer w\u00e4chst und vor allem nicht so starke Schmerzen verursacht. All das w\u00fcrde auch bei Vega passen. *seufz*<\/p>\n<p>Da wir keinesfalls eine belastende Knochenstanze riskieren m\u00f6chten, nur um Gewissheit zu erlangen, k\u00f6nnen wir weiterhin nur abwarten&#8230;. und spitzen vorsichshalber kein Anabolikum. In 3 Wochen wird noch mal ger\u00f6ntgt. Vielleicht wissen wir dann mehr.<\/p>\n<p>Zwischenzeitlich k\u00f6nnen wir uns nur dar\u00fcber freuen, dass Vegas Blutwerte perfekt sind und dass sie wenigstens ein bisschen (500 g) zugenommen hat. Und auf &#8222;Befehl&#8220; der TA soll Vega nun wieder mehr Freiheiten bekommen und das Leben genie\u00dfen!<\/p>\n<p><a href=\"http:\/\/www.demona.de\/blog\/wp-content\/uploads\/2012\/09\/drittes_roentgen.jpg\"><img loading=\"lazy\" decoding=\"async\" class=\"alignnone size-full wp-image-2753\" title=\"drittes_roentgen\" src=\"http:\/\/www.demona.de\/blog\/wp-content\/uploads\/2012\/09\/drittes_roentgen.jpg\" alt=\"\" width=\"367\" height=\"450\" srcset=\"http:\/\/www.demona.de\/blog\/wp-content\/uploads\/2012\/09\/drittes_roentgen.jpg 367w, http:\/\/www.demona.de\/blog\/wp-content\/uploads\/2012\/09\/drittes_roentgen-244x300.jpg 244w\" sizes=\"auto, (max-width: 367px) 100vw, 367px\" \/><\/a><\/p>\n<p>&nbsp;<\/p>\n<p>Wir geben immer noch voll ausdosiert Phen-Pred (Blutwerte von gestern waren perfekt). Und ich darf Vega wieder etwas mehr Spa\u00df g\u00f6nnen. Falls das wirklich der Anfang vom Ende ist, soll sie nicht komplett eingeschr\u00e4nkt werden. Die Lebensqualit\u00e4t steht f\u00fcr uns n\u00e4mlich absolut im Vordergrund!<\/p>\n","protected":false},"excerpt":{"rendered":"<p>Heute erfolgte das zweite Kontrollr\u00f6ntgen, bevor wir mit der geplanten Anabolika-Kur beginnen wollten. Auf den ersten Blick sah alles prima aus: im Frakturspalt hat sich sch\u00f6n Callus gebildet, der Bruch verheilt also gut und komplikationslos. Aaaber: \u00fcber der Bruchstelle und am Femur waren (\u00fcber Wochen unver\u00e4nderte) Verschattungen zu sehen, die sich nun deutlich vergr\u00f6\u00dfert haben. [&hellip;]<\/p>\n","protected":false},"author":2,"featured_media":0,"comment_status":"open","ping_status":"closed","sticky":false,"template":"","format":"standard","meta":{"ngg_post_thumbnail":0,"footnotes":""},"categories":[5],"tags":[],"class_list":["post-2752","post","type-post","status-publish","format-standard","hentry","category-wauzis"],"_links":{"self":[{"href":"http:\/\/www.demona.de\/blog\/index.php?rest_route=\/wp\/v2\/posts\/2752","targetHints":{"allow":["GET"]}}],"collection":[{"href":"http:\/\/www.demona.de\/blog\/index.php?rest_route=\/wp\/v2\/posts"}],"about":[{"href":"http:\/\/www.demona.de\/blog\/index.php?rest_route=\/wp\/v2\/types\/post"}],"author":[{"embeddable":true,"href":"http:\/\/www.demona.de\/blog\/index.php?rest_route=\/wp\/v2\/users\/2"}],"replies":[{"embeddable":true,"href":"http:\/\/www.demona.de\/blog\/index.php?rest_route=%2Fwp%2Fv2%2Fcomments&post=2752"}],"version-history":[{"count":3,"href":"http:\/\/www.demona.de\/blog\/index.php?rest_route=\/wp\/v2\/posts\/2752\/revisions"}],"predecessor-version":[{"id":2756,"href":"http:\/\/www.demona.de\/blog\/index.php?rest_route=\/wp\/v2\/posts\/2752\/revisions\/2756"}],"wp:attachment":[{"href":"http:\/\/www.demona.de\/blog\/index.php?rest_route=%2Fwp%2Fv2%2Fmedia&parent=2752"}],"wp:term":[{"taxonomy":"category","embeddable":true,"href":"http:\/\/www.demona.de\/blog\/index.php?rest_route=%2Fwp%2Fv2%2Fcategories&post=2752"},{"taxonomy":"post_tag","embeddable":true,"href":"http:\/\/www.demona.de\/blog\/index.php?rest_route=%2Fwp%2Fv2%2Ftags&post=2752"}],"curies":[{"name":"wp","href":"https:\/\/api.w.org\/{rel}","templated":true}]}}