{"id":2747,"date":"2012-08-21T13:57:07","date_gmt":"2012-08-21T13:57:07","guid":{"rendered":"http:\/\/www.demona.de\/blog\/?p=2747"},"modified":"2012-09-01T14:07:50","modified_gmt":"2012-09-01T14:07:50","slug":"lebewohl-asta","status":"publish","type":"post","link":"http:\/\/www.demona.de\/blog\/?p=2747","title":{"rendered":"Lebewohl, Asta!"},"content":{"rendered":"<p>Nach schwerer Krankheit ist Asta, das Altert\u00fcmchen, \u00fcber die Regenbogenbr\u00fccke gegangen&#8230;<\/p>\n<p><a href=\"http:\/\/www.demona.de\/blog\/wp-content\/uploads\/2012\/09\/asta.jpg\"><img loading=\"lazy\" decoding=\"async\" class=\"alignnone size-full wp-image-2748\" title=\"asta\" src=\"http:\/\/www.demona.de\/blog\/wp-content\/uploads\/2012\/09\/asta.jpg\" alt=\"\" width=\"450\" height=\"288\" srcset=\"http:\/\/www.demona.de\/blog\/wp-content\/uploads\/2012\/09\/asta.jpg 450w, http:\/\/www.demona.de\/blog\/wp-content\/uploads\/2012\/09\/asta-300x192.jpg 300w\" sizes=\"auto, (max-width: 450px) 100vw, 450px\" \/><\/a><\/p>\n<p>Astas Frauchen verabschiedete sich von dieser beeindruckenden H\u00fcndin unter anderem mit folgenden Worten, die mich sehr ber\u00fchrt haben:<\/p>\n<blockquote><p>Die grosse Chefin ist gegangen!<\/p>\n<p>Sie kam als k\u00f6rperlich und seelisch geschundenes, unter sich lassendes Etwas \u2013 sie ging als ein souver\u00e4ner und liebevoller Hund, der vielen Hospiz-Tieren gezeigt hat, dass man in ihrer Gegenwart Ruhe und Geborgenheit findet.<\/p><\/blockquote>\n<p>Dieser letzte Satz zeigt in aller Deutlichkeit, welch tolle H\u00fcndin die graue Samtschnauze war. Asta hat mir vom ersten Augenblick an unwahrscheinlich gut gefallen und ich fand ihre gelassene Art einfach nur bewundernswert. Sie war der ruhende Pol. Egal, wen oder was ihr Frauchen &#8222;angeschleppt&#8220; hat&#8230; andere Hunde, Katzen, Kleintiere. Asta akzeptierte alle und zeigte ihnen, was es bedeutet, Teil einer gro\u00dfen und liebenden Familie zu sein&#8230;<\/p>\n","protected":false},"excerpt":{"rendered":"<p>Nach schwerer Krankheit ist Asta, das Altert\u00fcmchen, \u00fcber die Regenbogenbr\u00fccke gegangen&#8230; Astas Frauchen verabschiedete sich von dieser beeindruckenden H\u00fcndin unter anderem mit folgenden Worten, die mich sehr ber\u00fchrt haben: Die grosse Chefin ist gegangen! Sie kam als k\u00f6rperlich und seelisch geschundenes, unter sich lassendes Etwas \u2013 sie ging als ein souver\u00e4ner und liebevoller Hund, der [&hellip;]<\/p>\n","protected":false},"author":2,"featured_media":0,"comment_status":"open","ping_status":"closed","sticky":false,"template":"","format":"standard","meta":{"ngg_post_thumbnail":0,"footnotes":""},"categories":[8],"tags":[],"class_list":["post-2747","post","type-post","status-publish","format-standard","hentry","category-regenbogenbrucke"],"_links":{"self":[{"href":"http:\/\/www.demona.de\/blog\/index.php?rest_route=\/wp\/v2\/posts\/2747","targetHints":{"allow":["GET"]}}],"collection":[{"href":"http:\/\/www.demona.de\/blog\/index.php?rest_route=\/wp\/v2\/posts"}],"about":[{"href":"http:\/\/www.demona.de\/blog\/index.php?rest_route=\/wp\/v2\/types\/post"}],"author":[{"embeddable":true,"href":"http:\/\/www.demona.de\/blog\/index.php?rest_route=\/wp\/v2\/users\/2"}],"replies":[{"embeddable":true,"href":"http:\/\/www.demona.de\/blog\/index.php?rest_route=%2Fwp%2Fv2%2Fcomments&post=2747"}],"version-history":[{"count":3,"href":"http:\/\/www.demona.de\/blog\/index.php?rest_route=\/wp\/v2\/posts\/2747\/revisions"}],"predecessor-version":[{"id":2751,"href":"http:\/\/www.demona.de\/blog\/index.php?rest_route=\/wp\/v2\/posts\/2747\/revisions\/2751"}],"wp:attachment":[{"href":"http:\/\/www.demona.de\/blog\/index.php?rest_route=%2Fwp%2Fv2%2Fmedia&parent=2747"}],"wp:term":[{"taxonomy":"category","embeddable":true,"href":"http:\/\/www.demona.de\/blog\/index.php?rest_route=%2Fwp%2Fv2%2Fcategories&post=2747"},{"taxonomy":"post_tag","embeddable":true,"href":"http:\/\/www.demona.de\/blog\/index.php?rest_route=%2Fwp%2Fv2%2Ftags&post=2747"}],"curies":[{"name":"wp","href":"https:\/\/api.w.org\/{rel}","templated":true}]}}