{"id":2742,"date":"2012-08-18T16:27:56","date_gmt":"2012-08-18T16:27:56","guid":{"rendered":"http:\/\/www.demona.de\/blog\/?p=2742"},"modified":"2012-09-01T06:48:58","modified_gmt":"2012-09-01T06:48:58","slug":"die-stumme-und-der-lahme","status":"publish","type":"post","link":"http:\/\/www.demona.de\/blog\/?p=2742","title":{"rendered":"Die Stumme und der Lahme"},"content":{"rendered":"<p>Mein Mann hat es zur Zeit schwer im R\u00fccken, incl. Taubheitsgef\u00fchl im linken Bein, und ich k\u00e4mpfe mit einer heftigen Bronchitis, incl. komplettem Verlust der Stimme. Die Hunde kommen daher momentan ein bisschen zu kurz.<\/p>\n<p>Da es uns heute beiden etwas besser ging, dachten wir, dass wir es gemeinsam schaffen, mit dem Trio spazieren zu gehen&#8230;. nat\u00fcrlich in einer Gegend, wo wir normalerweise keine bis wenig Leute treffen.<\/p>\n<p>Humpelotte Vega blieb an der Leine, aber die beiden Kleinen genossen den tagelang vermissten Freilauf und waren dementsprechend hibbelig. In solchen Momenten sollte man immer einen Blick auf die Hunde haben, damit sie nicht zu sehr \u00fcberdrehen oder jagen gehen. Sprich: jeder Ansatz in diese Richtung muss sofort unterbrochen werden.<\/p>\n<p>Das ist aber nicht so einfach, wenn die eine, die drauf achtet, ihre Stimme nicht erheben kann&#8230; und derjenige, der rufen k\u00f6nnte, mit seinem wehen R\u00fccken und dem unebenen Feldweg besch\u00e4ftigt ist.<br \/>\n<a href=\"http:\/\/www.demona.de\/blog\/wp-content\/uploads\/2011\/05\/d025.gif\"><img loading=\"lazy\" decoding=\"async\" class=\"alignnone size-full wp-image-1099\" title=\"mund verziehen\" src=\"http:\/\/www.demona.de\/blog\/wp-content\/uploads\/2011\/05\/d025.gif\" alt=\"\" width=\"15\" height=\"16\" \/><\/a><br \/>\nAls ich nun mit Vega etwas zur\u00fcckgeblieben war, weil die irgendwo geschn\u00fcffelt hatte, war der Rest der Truppe schon mal vorgelaufen. Mortisha und Simba besch\u00e4ftigten sich f\u00fcr meinen Geschmack zu sehr mit dem Unterholz&#8230;und mein Mann setzte vorsichtig einen Fu\u00df vor den anderen, ohne auf die beiden zu achten.<\/p>\n<p>Was tun?<\/p>\n<p>In meiner &#8222;Verzweiflung&#8220; klatschte ich in die H\u00e4nde&#8230; keine Reaktion&#8230; erneutes Klatschen&#8230; verdutztes Zur\u00fcckblicken meines Mann&#8230; wildes Gestikulieren meinerseits&#8230; Aaaaah! Nu&#8216; hatte er mich verstanden und pfiff die Hunde endlich zur\u00fcck.<br \/>\nWir m\u00fcssen echt ein Bild f\u00fcr die G\u00f6tter abgegeben haben!\u00a0<a href=\"http:\/\/www.demona.de\/blog\/wp-content\/uploads\/2011\/01\/biggrin.gif\"><img loading=\"lazy\" decoding=\"async\" class=\"alignnone size-full wp-image-705\" title=\"biggrin\" src=\"http:\/\/www.demona.de\/blog\/wp-content\/uploads\/2011\/01\/biggrin.gif\" alt=\"\" width=\"15\" height=\"15\" \/><\/a><\/p>\n","protected":false},"excerpt":{"rendered":"<p>Mein Mann hat es zur Zeit schwer im R\u00fccken, incl. Taubheitsgef\u00fchl im linken Bein, und ich k\u00e4mpfe mit einer heftigen Bronchitis, incl. komplettem Verlust der Stimme. Die Hunde kommen daher momentan ein bisschen zu kurz. Da es uns heute beiden etwas besser ging, dachten wir, dass wir es gemeinsam schaffen, mit dem Trio spazieren zu [&hellip;]<\/p>\n","protected":false},"author":2,"featured_media":0,"comment_status":"open","ping_status":"closed","sticky":false,"template":"","format":"standard","meta":{"ngg_post_thumbnail":0,"footnotes":""},"categories":[5],"tags":[],"class_list":["post-2742","post","type-post","status-publish","format-standard","hentry","category-wauzis"],"_links":{"self":[{"href":"http:\/\/www.demona.de\/blog\/index.php?rest_route=\/wp\/v2\/posts\/2742","targetHints":{"allow":["GET"]}}],"collection":[{"href":"http:\/\/www.demona.de\/blog\/index.php?rest_route=\/wp\/v2\/posts"}],"about":[{"href":"http:\/\/www.demona.de\/blog\/index.php?rest_route=\/wp\/v2\/types\/post"}],"author":[{"embeddable":true,"href":"http:\/\/www.demona.de\/blog\/index.php?rest_route=\/wp\/v2\/users\/2"}],"replies":[{"embeddable":true,"href":"http:\/\/www.demona.de\/blog\/index.php?rest_route=%2Fwp%2Fv2%2Fcomments&post=2742"}],"version-history":[{"count":3,"href":"http:\/\/www.demona.de\/blog\/index.php?rest_route=\/wp\/v2\/posts\/2742\/revisions"}],"predecessor-version":[{"id":2745,"href":"http:\/\/www.demona.de\/blog\/index.php?rest_route=\/wp\/v2\/posts\/2742\/revisions\/2745"}],"wp:attachment":[{"href":"http:\/\/www.demona.de\/blog\/index.php?rest_route=%2Fwp%2Fv2%2Fmedia&parent=2742"}],"wp:term":[{"taxonomy":"category","embeddable":true,"href":"http:\/\/www.demona.de\/blog\/index.php?rest_route=%2Fwp%2Fv2%2Fcategories&post=2742"},{"taxonomy":"post_tag","embeddable":true,"href":"http:\/\/www.demona.de\/blog\/index.php?rest_route=%2Fwp%2Fv2%2Ftags&post=2742"}],"curies":[{"name":"wp","href":"https:\/\/api.w.org\/{rel}","templated":true}]}}