{"id":269,"date":"2010-08-24T03:42:28","date_gmt":"2010-08-24T03:42:28","guid":{"rendered":"http:\/\/www.demona.de\/blog\/?p=269"},"modified":"2010-08-31T03:47:51","modified_gmt":"2010-08-31T03:47:51","slug":"obacht","status":"publish","type":"post","link":"http:\/\/www.demona.de\/blog\/?p=269","title":{"rendered":"Obacht!"},"content":{"rendered":"<p>Heute morgen sind wir\u00a0an einem milit\u00e4rischen Gel\u00e4nde entlang gelaufen, hoch umz\u00e4unt, dicht bewachsen. Hinter dem Gel\u00e4nde befindet sich ein Acker, auf dem oft Hasen herumhoppeln. Also Simba &amp; Feli vorsichtshalber \u00a0vorher angeleint und Tisha ins Fu\u00df genommen. Vega durfte &#8211; wie \u00fcblich &#8211; vorlaufen: schlie\u00dflich ist sie ja meine &#8222;Vern\u00fcnftige&#8220;.<\/p>\n<p>Ca. 10 m vor \u00a0Zaunende bleibt Vega aber pl\u00f6tzlich stocksteif stehen, mit hochgerecktem Kopf. Reagiert nicht auf mein &#8222;Sitz&#8220;, so dass ich im Ton sch\u00e4rfer werden muss. Sie gehorcht widerstrebend.<\/p>\n<p>Nun schnell den Gremlin angeleint, zu Vega aufgeschlossen&#8230;und was sehe ich durch die B\u00fcsche hinweg? Schafe! Argh!<\/p>\n<p>Da hatte der Sch\u00e4fer wohl erst Minuten zuvor seine Viecherl &#8222;ausgesetzt&#8220; und sortierte sich gerade. Schafe keine 5 m vom Feldweg entfernt&#8230; H\u00fctehund nat\u00fcrlich in direkter N\u00e4he.<\/p>\n<p>Nicht auszudenken, was passiert w\u00e4re, wenn meine Hunde unangeleint auf die Schafe getroffen w\u00e4ren! Da h\u00e4tte es kein Halten mehr gegeben!<\/p>\n<p>Ach, was habe ich es fr\u00fcher genossen, Hunde komplett ohne Jagdtrieb zu haben und vertr\u00e4umt durch die Gegend laufen zu k\u00f6nnen! Lang lang ist&#8217;s her&#8230;<\/p>\n","protected":false},"excerpt":{"rendered":"<p>Heute morgen sind wir\u00a0an einem milit\u00e4rischen Gel\u00e4nde entlang gelaufen, hoch umz\u00e4unt, dicht bewachsen. Hinter dem Gel\u00e4nde befindet sich ein Acker, auf dem oft Hasen herumhoppeln. Also Simba &amp; Feli vorsichtshalber \u00a0vorher angeleint und Tisha ins Fu\u00df genommen. Vega durfte &#8211; wie \u00fcblich &#8211; vorlaufen: schlie\u00dflich ist sie ja meine &#8222;Vern\u00fcnftige&#8220;. Ca. 10 m vor \u00a0Zaunende [&hellip;]<\/p>\n","protected":false},"author":2,"featured_media":0,"comment_status":"open","ping_status":"closed","sticky":false,"template":"","format":"standard","meta":{"ngg_post_thumbnail":0,"footnotes":""},"categories":[5],"tags":[],"class_list":["post-269","post","type-post","status-publish","format-standard","hentry","category-wauzis"],"_links":{"self":[{"href":"http:\/\/www.demona.de\/blog\/index.php?rest_route=\/wp\/v2\/posts\/269","targetHints":{"allow":["GET"]}}],"collection":[{"href":"http:\/\/www.demona.de\/blog\/index.php?rest_route=\/wp\/v2\/posts"}],"about":[{"href":"http:\/\/www.demona.de\/blog\/index.php?rest_route=\/wp\/v2\/types\/post"}],"author":[{"embeddable":true,"href":"http:\/\/www.demona.de\/blog\/index.php?rest_route=\/wp\/v2\/users\/2"}],"replies":[{"embeddable":true,"href":"http:\/\/www.demona.de\/blog\/index.php?rest_route=%2Fwp%2Fv2%2Fcomments&post=269"}],"version-history":[{"count":5,"href":"http:\/\/www.demona.de\/blog\/index.php?rest_route=\/wp\/v2\/posts\/269\/revisions"}],"predecessor-version":[{"id":275,"href":"http:\/\/www.demona.de\/blog\/index.php?rest_route=\/wp\/v2\/posts\/269\/revisions\/275"}],"wp:attachment":[{"href":"http:\/\/www.demona.de\/blog\/index.php?rest_route=%2Fwp%2Fv2%2Fmedia&parent=269"}],"wp:term":[{"taxonomy":"category","embeddable":true,"href":"http:\/\/www.demona.de\/blog\/index.php?rest_route=%2Fwp%2Fv2%2Fcategories&post=269"},{"taxonomy":"post_tag","embeddable":true,"href":"http:\/\/www.demona.de\/blog\/index.php?rest_route=%2Fwp%2Fv2%2Ftags&post=269"}],"curies":[{"name":"wp","href":"https:\/\/api.w.org\/{rel}","templated":true}]}}