{"id":260,"date":"2010-08-13T11:13:02","date_gmt":"2010-08-13T11:13:02","guid":{"rendered":"http:\/\/www.demona.de\/blog\/?p=260"},"modified":"2010-08-27T04:43:07","modified_gmt":"2010-08-27T04:43:07","slug":"lebe-wohl-lagos","status":"publish","type":"post","link":"http:\/\/www.demona.de\/blog\/?p=260","title":{"rendered":"Lebe wohl, Lagos!"},"content":{"rendered":"<p><a href=\"http:\/\/www.demona.de\/blog\/wp-content\/uploads\/2010\/08\/Lagos2008-05-11.jpg\"><img loading=\"lazy\" decoding=\"async\" class=\"alignnone size-full wp-image-261\" title=\"Lagos2008-05-11\" src=\"http:\/\/www.demona.de\/blog\/wp-content\/uploads\/2010\/08\/Lagos2008-05-11.jpg\" alt=\"\" width=\"600\" height=\"399\" srcset=\"http:\/\/www.demona.de\/blog\/wp-content\/uploads\/2010\/08\/Lagos2008-05-11.jpg 600w, http:\/\/www.demona.de\/blog\/wp-content\/uploads\/2010\/08\/Lagos2008-05-11-300x199.jpg 300w\" sizes=\"auto, (max-width: 600px) 100vw, 600px\" \/><\/a><\/p>\n<p>Der wundersch\u00f6ne Boxerr\u00fcde Lagos wurde 11 Jahre alt.<\/p>\n<p>Er war ein alter, kranker Hund. Offenbar kr\u00e4nker, als alle vermuten konnten, so dass sein Tod dann doch sehr pl\u00f6tzlich kam&#8230; *seufz*<\/p>\n<p>Doch Lagos\u00a0hatte viele sch\u00f6ne, gl\u00fcckliche und erlebnisreiche Jahre in seiner Familie. Und genau diese Jahre z\u00e4hlen&#8230; das, was er seinen Menschen gegeben hat&#8230; was er ihnen bedeutet hat&#8230; der Spa\u00df, den sie alle mit ihm hatten.<\/p>\n<p>Lagos wird unvergessen bleiben. Nicht nur von seiner Familie, sondern auch von mir. Denn obwohl ich ihn nie pers\u00f6nlich kennenlernen konnte, habe ich doch per mail fast sein ganzes Leben lang begleitet&#8230; habe \u00fcber seine Macken gelacht&#8230; seine liebenswerten Eigenheiten&#8230; mich an den wundersch\u00f6nen Fotos erfreut, die ich mir immer wieder gerne anschaue&#8230; wenn auch jetzt voller Schwermut.<\/p>\n","protected":false},"excerpt":{"rendered":"<p>Der wundersch\u00f6ne Boxerr\u00fcde Lagos wurde 11 Jahre alt. Er war ein alter, kranker Hund. Offenbar kr\u00e4nker, als alle vermuten konnten, so dass sein Tod dann doch sehr pl\u00f6tzlich kam&#8230; *seufz* Doch Lagos\u00a0hatte viele sch\u00f6ne, gl\u00fcckliche und erlebnisreiche Jahre in seiner Familie. Und genau diese Jahre z\u00e4hlen&#8230; das, was er seinen Menschen gegeben hat&#8230; was er [&hellip;]<\/p>\n","protected":false},"author":2,"featured_media":0,"comment_status":"open","ping_status":"closed","sticky":false,"template":"","format":"standard","meta":{"ngg_post_thumbnail":0,"footnotes":""},"categories":[8],"tags":[],"class_list":["post-260","post","type-post","status-publish","format-standard","hentry","category-regenbogenbrucke"],"_links":{"self":[{"href":"http:\/\/www.demona.de\/blog\/index.php?rest_route=\/wp\/v2\/posts\/260","targetHints":{"allow":["GET"]}}],"collection":[{"href":"http:\/\/www.demona.de\/blog\/index.php?rest_route=\/wp\/v2\/posts"}],"about":[{"href":"http:\/\/www.demona.de\/blog\/index.php?rest_route=\/wp\/v2\/types\/post"}],"author":[{"embeddable":true,"href":"http:\/\/www.demona.de\/blog\/index.php?rest_route=\/wp\/v2\/users\/2"}],"replies":[{"embeddable":true,"href":"http:\/\/www.demona.de\/blog\/index.php?rest_route=%2Fwp%2Fv2%2Fcomments&post=260"}],"version-history":[{"count":3,"href":"http:\/\/www.demona.de\/blog\/index.php?rest_route=\/wp\/v2\/posts\/260\/revisions"}],"predecessor-version":[{"id":263,"href":"http:\/\/www.demona.de\/blog\/index.php?rest_route=\/wp\/v2\/posts\/260\/revisions\/263"}],"wp:attachment":[{"href":"http:\/\/www.demona.de\/blog\/index.php?rest_route=%2Fwp%2Fv2%2Fmedia&parent=260"}],"wp:term":[{"taxonomy":"category","embeddable":true,"href":"http:\/\/www.demona.de\/blog\/index.php?rest_route=%2Fwp%2Fv2%2Fcategories&post=260"},{"taxonomy":"post_tag","embeddable":true,"href":"http:\/\/www.demona.de\/blog\/index.php?rest_route=%2Fwp%2Fv2%2Ftags&post=260"}],"curies":[{"name":"wp","href":"https:\/\/api.w.org\/{rel}","templated":true}]}}