{"id":2442,"date":"2012-06-10T16:53:22","date_gmt":"2012-06-10T16:53:22","guid":{"rendered":"http:\/\/www.demona.de\/blog\/?p=2442"},"modified":"2012-06-27T04:02:18","modified_gmt":"2012-06-27T04:02:18","slug":"verqueres-rechtsgefuhl","status":"publish","type":"post","link":"http:\/\/www.demona.de\/blog\/?p=2442","title":{"rendered":"verqueres Rechtsempfinden"},"content":{"rendered":"<p>Tatort Siegburg, an der Feuerwehr.<\/p>\n<p>Als wir quer \u00fcber das Gel\u00e4nde der Feuerwehr trailten, standen am Zaun zwei staunende Jungs (ca. 12 Jahre alt). Wir liefen an ihnen vorbei und Simba \u00a0f\u00fchrte mich in das angrenzende Wohngebiet, wo wir schlie\u00dflich unsere VP aufsp\u00fcrten und dann gemeinsam zur\u00fcckgingen. Auf dem R\u00fcckweg sahen wir nur noch einen Jungen, der \u00a0sich weinend und br\u00fcllend am Zaun festklammerte, w\u00e4hrend der Mann versuchte, ihn am Handgelenk wegzuziehen. \u00a0Das Ganze wurde von einer kopfsch\u00fcttelnden Frau beobachtet, die direkt daneben stand.<\/p>\n<p>Oh oh&#8230; da waren wir wohl in eine Erziehungsma\u00dfnahme hineingeraten! Wir schauten uns nur betreten an und gingen weiter&#8230;. bis eine unserer Mittrailerinnen gl\u00fccklicherweise h\u00f6rte, wie der Junge schluchzte, das werde er seiner Mutter erz\u00e4hlen.<br \/>\n<a href=\"http:\/\/www.demona.de\/blog\/wp-content\/uploads\/2010\/10\/s030.gif\"><img loading=\"lazy\" decoding=\"async\" class=\"alignnone size-full wp-image-418\" title=\"schreck\" src=\"http:\/\/www.demona.de\/blog\/wp-content\/uploads\/2010\/10\/s030.gif\" alt=\"\" width=\"19\" height=\"25\" \/><\/a><br \/>\nWir also sofort retour und gefragt, was hier los sei. Und nun stellte sich heraus, dass die beiden Jungs Steine in den nahegelegenen Garten geworfen hatten, der dort lebende Familienvater zornbebend herausgest\u00fcrmt war, sie verfolgt und am Schlafittchen gepackt hatte. Der eine Junge hatte sich losreissen k\u00f6nnen und war gefl\u00fcchtet. Der zweite wurde &#8222;in Notwehr&#8220; festgehalten, w\u00e4hrend die Zeugin nun loswanderte, um die Polizei zu rufen.<\/p>\n<p>Sorry, aber das geht ja nun mal gar nicht&#8230;und mit &#8222;Notwehr&#8220; hatte das erst recht nichts zu tun. Der Mann tat dem Jungen offensichtlich weh und lie\u00df auch nicht von ihm ab, obwohl wir zu viert um ihn rumstanden und ihn aufforderten, den Kleinen loszulassen. Erst als die von dem gefl\u00fcchteten Jungen zu Hilfe gerufene Mutter auf dem Plan erschien, Hand an den Mann legte und ihn anfunkelte, er habe den Jungen sofort loszulassen, kam er der Aufforderung endlich nach.<\/p>\n<p>Die Emotionen kochten \u00fcber: dem einen Jungen kullerten immer noch dicke Tr\u00e4nen \u00fcber die Wangen, er rieb sich sein knallrotes Handgelenk&#8230; der zweite schrie v\u00f6llig hysterisch rum, da der Mann ihn offenbar am Hals gepackt und zugedr\u00fcckt hatte \u00a0(tats\u00e4chlich war der Schulter-Hals-\u00dcbergang auf der einen Seite stark ger\u00f6tet). Nun tauchten &#8211; von den Schreien alarmiert &#8211; \u00a0weitere Personen aus der Nachbarschaft auf und mischten sich aufgebracht ein. Chaos hoch drei!<\/p>\n<p>Wir konnten nur noch versuchen, alle Parteien zu beruhigen und darauf zu insistieren, dass wir hier nun alle gemeinsam auf die Polizei warten sollten.<\/p>\n<p>Tats\u00e4chlich fuhren kurz darauf drei Beamte vor (eine Frau und zwei M\u00e4nner), h\u00f6rten sich alles brav an und kl\u00e4rten den guten Mann dann auch auf, dass es zwar eine &#8222;Jedermann-Festnahme&#8220; gibt, die aber aber nur unter dem &#8222;Verh\u00e4ltnism\u00e4\u00dfigkeitsprinzip&#8220; erfolgen darf. \u00dcberm\u00e4\u00dfige Gewalt, insbesondere gegen\u00fcber nicht strafm\u00fcndigen Kindern, sei da als sehr kritisch zu bewerten. Zumal in diesem Fall weder eine Sachbesch\u00e4digung noch eine K\u00f6rperverletzung stattgefunden hatte, da die Jungs wirklich nur kleine Kieselsteine geworfen und nichts \/ niemanden damit getroffen hatten. Von einer &#8222;Notwehr&#8220; k\u00f6nne also nicht die Rede sein&#8230; und man k\u00f6nne und d\u00fcrfe auch niemanden verhaften, um <em>eventuelle\u00a0zuk\u00fcnftige<\/em> Straftaten zu verhindern.<\/p>\n<p>Letztendlich wollte man es dabei belassen, dass sich die gegnerischen Parteien entschuldigten und der Mann eine m\u00fcndliche Ermahnung erhielt. Die Mutter des einen Jungen wurde zwar dar\u00fcber informiert, dass sie Anzeige wegen N\u00f6tigung und K\u00f6rperverletzung stellen k\u00f6nne, aber im Grunde wurde ihr durch die Blume nahegelegt, es zu lassen. Hmpf.<\/p>\n<p>Da frage ich mich doch, ob da jemand nur keine Lust auf unn\u00f6tigen Papierkram am Sonntag hatte&#8230; ich als Mutter des derart festgehaltenen Jungen h\u00e4tte ich die Sache ganz sicher nicht auf sich beruhen lassen.<br \/>\n<a href=\"http:\/\/www.demona.de\/blog\/wp-content\/uploads\/2010\/09\/a025.gif\"><img loading=\"lazy\" decoding=\"async\" class=\"alignnone size-full wp-image-295\" title=\"motz\" src=\"http:\/\/www.demona.de\/blog\/wp-content\/uploads\/2010\/09\/a025.gif\" alt=\"\" width=\"31\" height=\"20\" \/><\/a><\/p>\n<p>Btw: Simba lag w\u00e4hrend der ganzen heftigen Br\u00fcllerei genau in der Mitte zwischen Kindern, Polizisten, Nachbarn und Trailgruppe und blieb vollkommen ruhig. Und als sich die Gem\u00fcter erst mal ein bisschen beruhigt hatten und die Diskussion in einer vern\u00fcnftigen Lautst\u00e4rke und Tonlage ablief, lie\u00df er sich sogar einfach auf die Seite sinken und d\u00f6ste vor sich hin, was ihm zumindest von einem Polizeibeamten einen anerkennenden Blick einhandelte.<br \/>\n<a href=\"http:\/\/www.demona.de\/blog\/wp-content\/uploads\/2011\/01\/80.gif\"><img loading=\"lazy\" decoding=\"async\" class=\"alignnone size-full wp-image-759\" title=\"zwinker\" src=\"http:\/\/www.demona.de\/blog\/wp-content\/uploads\/2011\/01\/80.gif\" alt=\"\" width=\"15\" height=\"15\" \/><\/a><\/p>\n","protected":false},"excerpt":{"rendered":"<p>Tatort Siegburg, an der Feuerwehr. Als wir quer \u00fcber das Gel\u00e4nde der Feuerwehr trailten, standen am Zaun zwei staunende Jungs (ca. 12 Jahre alt). Wir liefen an ihnen vorbei und Simba \u00a0f\u00fchrte mich in das angrenzende Wohngebiet, wo wir schlie\u00dflich unsere VP aufsp\u00fcrten und dann gemeinsam zur\u00fcckgingen. Auf dem R\u00fcckweg sahen wir nur noch einen [&hellip;]<\/p>\n","protected":false},"author":2,"featured_media":0,"comment_status":"open","ping_status":"closed","sticky":false,"template":"","format":"standard","meta":{"ngg_post_thumbnail":0,"footnotes":""},"categories":[1,4],"tags":[],"class_list":["post-2442","post","type-post","status-publish","format-standard","hentry","category-allgemein","category-mantrailing"],"_links":{"self":[{"href":"http:\/\/www.demona.de\/blog\/index.php?rest_route=\/wp\/v2\/posts\/2442","targetHints":{"allow":["GET"]}}],"collection":[{"href":"http:\/\/www.demona.de\/blog\/index.php?rest_route=\/wp\/v2\/posts"}],"about":[{"href":"http:\/\/www.demona.de\/blog\/index.php?rest_route=\/wp\/v2\/types\/post"}],"author":[{"embeddable":true,"href":"http:\/\/www.demona.de\/blog\/index.php?rest_route=\/wp\/v2\/users\/2"}],"replies":[{"embeddable":true,"href":"http:\/\/www.demona.de\/blog\/index.php?rest_route=%2Fwp%2Fv2%2Fcomments&post=2442"}],"version-history":[{"count":4,"href":"http:\/\/www.demona.de\/blog\/index.php?rest_route=\/wp\/v2\/posts\/2442\/revisions"}],"predecessor-version":[{"id":2445,"href":"http:\/\/www.demona.de\/blog\/index.php?rest_route=\/wp\/v2\/posts\/2442\/revisions\/2445"}],"wp:attachment":[{"href":"http:\/\/www.demona.de\/blog\/index.php?rest_route=%2Fwp%2Fv2%2Fmedia&parent=2442"}],"wp:term":[{"taxonomy":"category","embeddable":true,"href":"http:\/\/www.demona.de\/blog\/index.php?rest_route=%2Fwp%2Fv2%2Fcategories&post=2442"},{"taxonomy":"post_tag","embeddable":true,"href":"http:\/\/www.demona.de\/blog\/index.php?rest_route=%2Fwp%2Fv2%2Ftags&post=2442"}],"curies":[{"name":"wp","href":"https:\/\/api.w.org\/{rel}","templated":true}]}}